{"id":105039,"date":"2026-01-15T05:48:07","date_gmt":"2026-01-15T05:48:07","guid":{"rendered":"https:\/\/www.europesays.com\/lv\/105039\/"},"modified":"2026-01-15T05:48:07","modified_gmt":"2026-01-15T05:48:07","slug":"ukraina-izsludina-arkartejo-stavokli-energetikas-nozare-raksts","status":"publish","type":"post","link":"https:\/\/www.europesays.com\/lv\/105039\/","title":{"rendered":"Ukrain\u0101 izsludina \u0101rk\u0101rt\u0113jo st\u0101vokli ener\u0123\u0113tikas nozar\u0113 \/ Raksts"},"content":{"rendered":"<p>Ukrainas prezidents Volodimirs Zelenskis izsludin\u0101jis valst\u012b \u0101rk\u0101rt\u0113jo st\u0101vokli ener\u0123\u0113tikas nozar\u0113. Vissare\u017e\u0123\u012bt\u0101ka situ\u0101cija izveidojusies galvaspils\u0113t\u0101 Kijiv\u0101, kur Krievijas gaisa triecienu d\u0113\u013c ener\u0123ijas padeves trauc\u0113jumi var\u0113ti ilgt l\u012bdz pavasarim.<\/p>\n<p>Zelenskis inform\u0113ja, ka tiks izveidots past\u0101v\u012bgs koordin\u0101cijas \u0161t\u0101bs, lai risin\u0101tu situ\u0101ciju Kijiv\u0101. Vi\u0146\u0161 ar\u012b devis r\u012bkojumu vald\u012bbai dar\u012bt visu iesp\u0113jamo, lai sa\u0146emtu atbalstu no sabiedrotajiem, vienk\u0101r\u0161otu rezerves energoapg\u0101des noteikumus un p\u0101rskat\u012btu komandantstundas nosac\u012bjumus. Tiekot str\u0101d\u0101ts, lai iev\u0113rojami palielin\u0101tu elektroener\u0123ijas importa apjomu.<\/p>\n<p>Vienlaikus Ukrainas prezidents kritiz\u0113ja valsts galvaspils\u0113tas Kijivas varasiest\u0101des par nepietiekamu sagatavot\u012bbu elektroener\u0123ijas atsl\u0113gumiem. Zelenskis izteicies, ka, analiz\u0113jot situ\u0101ciju, tika konstat\u0113ts, ka vissmag\u0101k\u0101 situ\u0101cija ir Kijiv\u0101. P\u0113c vi\u0146a teikt\u0101, Ukrainas galvaspils\u0113t\u0101 paveikts p\u0101r\u0101k maz un \u0161aj\u0101s dien\u0101s vi\u0146\u0161 neredz pietiekamu darb\u012bbas intensit\u0101ti Kijiv\u0101.<\/p>\n<p>Savuk\u0101rt Kijivas m\u0113rs Vit\u0101lijs Kli\u010dko pazi\u0146oja,<\/p>\n<blockquote>\n<p>ka pag\u0101ju\u0161aj\u0101 piektdien\u0101 p\u0113c Krievijas uzbrukuma puse galvaspils\u0113tas s\u0101kotn\u0113ji palika bez apkures un gaismas, un \u0161\u0101da situ\u0101cija izveidoj\u0101s pirmo reizi kop\u0161 pilna iebrukuma s\u0101kuma.<\/p>\n<\/blockquote>\n<p>Atbildot uz Zelenska kritiku, Kli\u010dko nor\u0101d\u012bja, ka vi\u0146\u0161 k\u0101 m\u0113rs un visi Kijivas atbild\u012bgie dienesti str\u0101d\u0101, lai nodro\u0161in\u0101tu galvaspils\u0113tas funkcion\u0113\u0161anu. Kli\u010dko ar\u012b paudis viedokli, ka Zelenska izteikumi noniecina t\u016bksto\u0161u cilv\u0113ku un speci\u0101listu pa\u0161atdevi un ieguld\u012bto darbu.<\/p>\n<p>Temperat\u016bra nakt\u012b var nosl\u012bd\u0113t zem -15\u00a0gr\u0101diem, t\u0101p\u0113c pils\u0113t\u0101 izveidoti apm\u0113ram 1200\u00a0punkti, kur cilv\u0113ki var sasild\u012bties, uzl\u0101d\u0113t elektronisk\u0101s ier\u012bces un sa\u0146emt siltu p\u0101rtiku.<\/p>\n<p>Ar\u012b ener\u0123\u0113tikas eksperti atz\u012bst, ka divas\u00a0liel\u0101k\u0101s Kijivas termoelektrostacijas, visticam\u0101k, nesp\u0113s darboties ar pilnu jaudu vismaz l\u012bdz pa\u0161reiz\u0113j\u0101s apkures sezonas beig\u0101m. To darbs da\u013c\u0113ji atjaunots, ta\u010du j\u0101r\u0113\u0137in\u0101s ar jauniem okupantu uzbrukumiem.<\/p>\n<p>KONTEKSTS:<\/p>\n<p>Nepamatotais un neizprovoc\u0113tais Krievijas pla\u0161a m\u0113roga iebrukums Ukrain\u0101 s\u0101k\u0101s<a data-id=\"445043\" data-type=\"article\" href=\"https:\/\/www.lsm.lv\/raksts\/zinas\/arzemes\/putina-rezims-sacis-masivu-uzbrukumu-ukrainai.a445043\/\" class=\"lsm-link\" rel=\"nofollow noopener\" target=\"_blank\">\u00a02022. gada 24. febru\u0101r\u012b<\/a>. Krem\u013ca propaganda sol\u012bja ie\u0146emt Kijivu tr\u012bs dien\u0101s, ta\u010du ukrai\u0146u sp\u0113c\u012bg\u0101 pretest\u012bba ne\u013c\u0101va Kremlim realiz\u0113t savus pl\u0101nus.<\/p>\n<p>P\u0113c neveiksm\u0113m Kremlis izveda armiju no Kijivas apgabala, bet turpin\u0101ja ofens\u012bvu citos re\u0123ionos. 2022. gada ruden\u012b ukrai\u0146u armijai izdev\u0101s atbr\u012bvot\u00a0<a data-id=\"477237\" data-type=\"article\" href=\"https:\/\/www.lsm.lv\/raksts\/zinas\/arzemes\/sala-zeme-harkivas-atbrivosana--ltv-zinu-dienesta-filma-par-krievijas-kara-plosito-ukrainu.a477237\/\" class=\"lsm-link\" rel=\"nofollow noopener\" target=\"_blank\">Harkivas apgabalu<\/a>\u00a0un da\u013cu<a data-id=\"482245\" data-type=\"article\" href=\"https:\/\/www.lsm.lv\/raksts\/zinas\/arzemes\/zelenskis-mes-esam-atguvusi-hersonu.a482245\/\" class=\"lsm-link\" rel=\"nofollow noopener\" target=\"_blank\">\u00a0Hersonas apgabala<\/a>, vairojot cer\u012bbas uz iesp\u0113ju sakaut pretinieku.<\/p>\n<p>Ta\u010du 2023. gada vasar\u0101 s\u0101ktais Ukrainas pretuzbrukums nebija tik veiksm\u012bgs, ko Ukrainas armija skaidro gan ar nepietiekamu iero\u010du nodro\u0161in\u0101jumu no Rietumu sabiedrotajiem, gan ar Krievijas armijas izveidoto pamat\u012bgo aizsardz\u012bbas l\u012bniju un pla\u0161ajiem m\u012bnu laukiem.<\/p>\n<p>2024. gada august\u0101 Ukraina veica<a data-id=\"564270\" data-type=\"article\" href=\"https:\/\/www.lsm.lv\/article-preview\/zinas\/arzemes\/07.08.2024-ukraina-un-krievija-uzsakusi-cinas-kurskas-apgabala.a564270\/\" class=\"lsm-link\" rel=\"nofollow noopener\" target=\"_blank\">\u00a0iebrukumu<\/a>\u00a0Kurskas apgabal\u0101 Krievij\u0101. T\u0101 ir pirm\u0101 reize kop\u0161 Otr\u0101 pasaules kara, kad Krievijas teritorijas da\u013cu ilgsto\u0161i ie\u0146\u0113mis \u0101rvalstu karasp\u0113ks.<\/p>\n<p>Kop\u0161 2024. gada rudens Krievija karadarb\u012bb\u0101 pret Ukrainu iesaist\u012bjusi ar\u012b lielu<a data-id=\"573077\" data-type=\"article\" href=\"https:\/\/www.lsm.lv\/raksts\/zinas\/arzemes\/18.10.2024-izluki-ziemelkoreja-grib-nosutit-12-000-karaviru-uz-karu-ukraina-dalu-jau-apmaca-krievija.a573077\/?utm_source=lsm&amp;utm_medium=article-body&amp;utm_campaign=admin\" class=\"lsm-link\" rel=\"nofollow noopener\" target=\"_blank\">\u00a0Zieme\u013ckorejas karav\u012bru<\/a>\u00a0skaitu. 2025. gada vasar\u0101 Zelenskis<a data-id=\"609234\" data-type=\"article\" href=\"https:\/\/www.lsm.lv\/article-preview\/zinas\/arzemes\/05.08.2025-zelenskis-ukrainas-austrumos-krievijas-armija-karo-algotni-no-kinas-un-pakistanas.a609234\/\" class=\"lsm-link\" rel=\"nofollow noopener\" target=\"_blank\">\u00a0pav\u0113st\u012bja<\/a>, ka Ukrainas austrumos Krievijas armij\u0101 karo ar\u012b algot\u0146i no \u0136\u012bnas un Pakist\u0101nas.<\/p>\n<p>Lai ar\u012b l\u012bdz ar ASV prezidenta Donalda Trampa st\u0101\u0161anos amat\u0101 starp Balto namu, Kremli un Kijivu vair\u0101kk\u0101rt notiku\u0161as sarunas par pamieru Ukrain\u0101, l\u012bdz \u0161im t\u0101s rezult\u0101tus nav devu\u0161as.<\/p>\n<p>                    Valodas k\u013c\u016bda rakst\u0101?<\/p>\n<p class=\"d-none d-md-block\">Iez\u012bm\u0113jiet tekstu un spiediet Ctrl+Enter, lai nos\u016bt\u012btu labojamo teksta fragmentu redaktoram! Par faktu k\u013c\u016bd\u0101m l\u016bdzam zi\u0146ot e-past\u0101 <a href=\"https:\/\/www.lsm.lv\/cdn-cgi\/l\/email-protection\" class=\"__cf_email__\" data-cfemail=\"c3b1a6a7a2a8a0aaa9a283afb0aeedafb5\" rel=\"nofollow noopener\" target=\"_blank\">[email\u00a0protected]<\/a>.<\/p>\n<p class=\"d-md-none\">Iez\u012bm\u0113jiet tekstu un spiediet uz Zi\u0146ot par k\u013c\u016bdu pogas, lai nos\u016bt\u012btu labojamo teksta fragmentu redaktoram!<\/p>\n<p>\n                    Zi\u0146ot par k\u013c\u016bdu\n                <\/p>\n","protected":false},"excerpt":{"rendered":"Ukrainas prezidents Volodimirs Zelenskis izsludin\u0101jis valst\u012b \u0101rk\u0101rt\u0113jo st\u0101vokli ener\u0123\u0113tikas nozar\u0113. Vissare\u017e\u0123\u012bt\u0101ka situ\u0101cija izveidojusies galvaspils\u0113t\u0101 Kijiv\u0101, kur Krievijas gaisa&hellip;\n","protected":false},"author":2,"featured_media":105040,"comment_status":"","ping_status":"","sticky":false,"template":"","format":"standard","meta":{"footnotes":""},"categories":[5],"tags":[23,28,29,32,33,22,30,31,35,39,38,36,37,34,40,20,26,27,24,25,21],"class_list":{"0":"post-105039","1":"post","2":"type-post","3":"status-publish","4":"format-standard","5":"has-post-thumbnail","7":"category-aktualitates","8":"tag-aktualitates","9":"tag-breaking-news","10":"tag-breakingnews","11":"tag-featured-news","12":"tag-featurednews","13":"tag-headlines","14":"tag-latest-news","15":"tag-latestnews","16":"tag-latvia","17":"tag-latvian","18":"tag-latviesu","19":"tag-latviesu-valoda","20":"tag-latviesuvaloda","21":"tag-latvija","22":"tag-lv","23":"tag-news","24":"tag-popularakas-zinas","25":"tag-popularakaszinas","26":"tag-top-stories","27":"tag-topstories","28":"tag-zinas"},"share_on_mastodon":{"url":"https:\/\/pubeurope.com\/@lv\/115897545724402729","error":""},"_links":{"self":[{"href":"https:\/\/www.europesays.com\/lv\/wp-json\/wp\/v2\/posts\/105039","targetHints":{"allow":["GET"]}}],"collection":[{"href":"https:\/\/www.europesays.com\/lv\/wp-json\/wp\/v2\/posts"}],"about":[{"href":"https:\/\/www.europesays.com\/lv\/wp-json\/wp\/v2\/types\/post"}],"author":[{"embeddable":true,"href":"https:\/\/www.europesays.com\/lv\/wp-json\/wp\/v2\/users\/2"}],"replies":[{"embeddable":true,"href":"https:\/\/www.europesays.com\/lv\/wp-json\/wp\/v2\/comments?post=105039"}],"version-history":[{"count":0,"href":"https:\/\/www.europesays.com\/lv\/wp-json\/wp\/v2\/posts\/105039\/revisions"}],"wp:featuredmedia":[{"embeddable":true,"href":"https:\/\/www.europesays.com\/lv\/wp-json\/wp\/v2\/media\/105040"}],"wp:attachment":[{"href":"https:\/\/www.europesays.com\/lv\/wp-json\/wp\/v2\/media?parent=105039"}],"wp:term":[{"taxonomy":"category","embeddable":true,"href":"https:\/\/www.europesays.com\/lv\/wp-json\/wp\/v2\/categories?post=105039"},{"taxonomy":"post_tag","embeddable":true,"href":"https:\/\/www.europesays.com\/lv\/wp-json\/wp\/v2\/tags?post=105039"}],"curies":[{"name":"wp","href":"https:\/\/api.w.org\/{rel}","templated":true}]}}