{"id":105041,"date":"2026-01-15T05:49:13","date_gmt":"2026-01-15T05:49:13","guid":{"rendered":"https:\/\/www.europesays.com\/lv\/105041\/"},"modified":"2026-01-15T05:49:13","modified_gmt":"2026-01-15T05:49:13","slug":"kristine-jelinska-apstiprina-vina-atkal-ir-iemilejusies-lente-lv","status":"publish","type":"post","link":"https:\/\/www.europesays.com\/lv\/105041\/","title":{"rendered":"Krist\u012bne Jelinska apstiprina \u2013 vi\u0146a atkal ir iem\u012bl\u0113jusies\u00a0\u2014\u00a0Lente.lv"},"content":{"rendered":"<p>Jauns attiec\u012bbu posms Krist\u012bnei Jelinskai<\/p>\n<p>P\u0113c publisk\u0101s \u0161\u0137ir\u0161an\u0101s no miljon\u0101ra O\u013cega Fi\u013ca, sabiedr\u012bb\u0101 zin\u0101m\u0101 Krist\u012bne Jelinska ir apstiprin\u0101jusi, ka vi\u0146as dz\u012bv\u0113 s\u0101cies jauns attiec\u012bbu posms. \u0160o inform\u0101ciju vi\u0146a atkl\u0101jusi sarun\u0101 ar izklaides port\u0101lu &#8220;Delfi&#8221;, apstiprinot iepriek\u0161 izskan\u0113ju\u0161\u0101s baumas.<\/p>\n<p>Aizdom\u012bgs foto soci\u0101lajos t\u012bklos<\/p>\n<p>Aizdomas par jauniem attiec\u012bbu s\u0101kumiem rad\u0101s p\u0113c tam, kad Jelinska sav\u0101 &#8220;Instagram&#8221; kont\u0101 public\u0113ja romantisku fotogr\u0101fiju, kur\u0101 redzams roku satv\u0113riens. Att\u0113lu papildin\u0101ja ar\u012b daudznoz\u012bm\u012bgs cit\u0101ts ang\u013cu valod\u0101: &#8220;K\u0101p\u0113c tu vi\u0146\u0101 tik \u0101tri iem\u012bl\u0113jies? Jo vi\u0146\u0161 par\u0101d\u012bja, k\u0101 ir, kad pret tevi izturas pareizi. Ned\u0113\u013cas laik\u0101 par\u0101d\u012bja to, ko cits nesp\u0113ja vair\u0101ku gadu laik\u0101.&#8221;<\/p>\n<p>Attiec\u012bbas ar O\u013cegu Fi\u013cu<\/p>\n<p>Jelinska iepriek\u0161 bija attiec\u012bb\u0101s ar uz\u0146\u0113m\u0113ju O\u013cegu Fi\u013cu vair\u0101k nek\u0101 se\u0161us gadus. P\u0101ris par savu attiec\u012bbu izbeig\u0161anu pazi\u0146oja 2025. gada novembr\u012b, uzsverot, ka sp\u0113ju\u0161i saglab\u0101t cie\u0146pilnas attiec\u012bbas un turpin\u0101s kop\u012bgi att\u012bst\u012bt Nurmui\u017eas pils projektu. Lai gan tika apsv\u0113rtas ar\u012b laul\u012bbas, Fi\u013ca ieilgu\u0161\u0101s tiesu lietas ar biju\u0161o sievu kav\u0113ja \u0161os pl\u0101nus.<\/p>\n<p>S\u0101p\u012bg\u0101 \u0161\u0137ir\u0161an\u0101s un jaun\u0101 dz\u012bve<\/p>\n<p>P\u0113c \u0161\u0137ir\u0161an\u0101s Krist\u012bne Jelinska atkl\u0101ja, ka s\u0101kum\u0101 jutusies skumji un ka vi\u0146ai joproj\u0101m ir gr\u016bti, ta\u010du piebilda, ka tas bijis vi\u0146as l\u0113mums un ar katru dienu k\u013c\u016bst viegl\u0101k. Vi\u0146a nor\u0101d\u012bja, ka darbs un da\u017e\u0101das aktivit\u0101tes, piem\u0113ram, sporta z\u0101le, mas\u0101\u017eas un gr\u0101matu las\u012b\u0161ana, pal\u012bdz p\u0101rvar\u0113t gr\u016bt\u012bbas. Jaunais attiec\u012bbu posms liecina par jaunas noda\u013cas s\u0101k\u0161anos Jelinskas dz\u012bv\u0113.<\/p>\n","protected":false},"excerpt":{"rendered":"Jauns attiec\u012bbu posms Krist\u012bnei Jelinskai P\u0113c publisk\u0101s \u0161\u0137ir\u0161an\u0101s no miljon\u0101ra O\u013cega Fi\u013ca, sabiedr\u012bb\u0101 zin\u0101m\u0101 Krist\u012bne Jelinska ir apstiprin\u0101jusi,&hellip;\n","protected":false},"author":2,"featured_media":105042,"comment_status":"","ping_status":"","sticky":false,"template":"","format":"standard","meta":{"footnotes":""},"categories":[19],"tags":[89,90,6623,13513,35,39,38,36,37,34,40,13512,3434],"class_list":{"0":"post-105041","1":"post","2":"type-post","3":"status-publish","4":"format-standard","5":"has-post-thumbnail","7":"category-izklaide","8":"tag-entertainment","9":"tag-izklaide","10":"tag-jaunas-attiecibas","11":"tag-kristine-jelinska","12":"tag-latvia","13":"tag-latvian","14":"tag-latviesu","15":"tag-latviesu-valoda","16":"tag-latviesuvaloda","17":"tag-latvija","18":"tag-lv","19":"tag-olegs-fils","20":"tag-skirsanas"},"share_on_mastodon":{"url":"https:\/\/pubeurope.com\/@lv\/115897549693762936","error":""},"_links":{"self":[{"href":"https:\/\/www.europesays.com\/lv\/wp-json\/wp\/v2\/posts\/105041","targetHints":{"allow":["GET"]}}],"collection":[{"href":"https:\/\/www.europesays.com\/lv\/wp-json\/wp\/v2\/posts"}],"about":[{"href":"https:\/\/www.europesays.com\/lv\/wp-json\/wp\/v2\/types\/post"}],"author":[{"embeddable":true,"href":"https:\/\/www.europesays.com\/lv\/wp-json\/wp\/v2\/users\/2"}],"replies":[{"embeddable":true,"href":"https:\/\/www.europesays.com\/lv\/wp-json\/wp\/v2\/comments?post=105041"}],"version-history":[{"count":0,"href":"https:\/\/www.europesays.com\/lv\/wp-json\/wp\/v2\/posts\/105041\/revisions"}],"wp:featuredmedia":[{"embeddable":true,"href":"https:\/\/www.europesays.com\/lv\/wp-json\/wp\/v2\/media\/105042"}],"wp:attachment":[{"href":"https:\/\/www.europesays.com\/lv\/wp-json\/wp\/v2\/media?parent=105041"}],"wp:term":[{"taxonomy":"category","embeddable":true,"href":"https:\/\/www.europesays.com\/lv\/wp-json\/wp\/v2\/categories?post=105041"},{"taxonomy":"post_tag","embeddable":true,"href":"https:\/\/www.europesays.com\/lv\/wp-json\/wp\/v2\/tags?post=105041"}],"curies":[{"name":"wp","href":"https:\/\/api.w.org\/{rel}","templated":true}]}}