{"id":105045,"date":"2026-01-15T05:52:08","date_gmt":"2026-01-15T05:52:08","guid":{"rendered":"https:\/\/www.europesays.com\/lv\/105045\/"},"modified":"2026-01-15T05:52:08","modified_gmt":"2026-01-15T05:52:08","slug":"tramps-miera-sarunu-bremzesana-vaino-zelenski-2","status":"publish","type":"post","link":"https:\/\/www.europesays.com\/lv\/105045\/","title":{"rendered":"Tramps miera sarunu bremz\u0113\u0161an\u0101 vaino Zelenski"},"content":{"rendered":"<p class=\"lead\">\n                                ASV prezidents Donalds Tramps tre\u0161dien pazi\u0146ojis, ka miera vieno\u0161an\u0101s nosl\u0113g\u0161anu kav\u0113jot Ukrainas prezidents Volodimirs Zelenskis, nevis Krievijas diktators Vladimirs Putins.\n                            <\/p>\n<p style=\"margin-left:0px;\">&#8220;Dom\u0101ju, ka vi\u0146\u0161 (Putins) ir gatavs sl\u0113gt dar\u012bjumu. Dom\u0101ju, ka Ukraina ir maz\u0101k gatava sl\u0113gt dar\u012bjumu,&#8221; ekskluz\u012bv\u0101 intervij\u0101 a\u0123ent\u016brai &#8220;Reuters&#8221; Balt\u0101 nama Ov\u0101laj\u0101 kabinet\u0101 izteic\u0101s Tramps.<\/p>\n<p style=\"margin-left:0px;\">Vi\u0146\u0161 apgalvoja, ka Krievijas diktators esot gatavs izbeigt iebrukumu Ukrain\u0101, kam\u0113r Zelenskis esot attur\u012bg\u0101ks.<\/p>\n<blockquote>\n<p style=\"margin-left:0px;\">Uz jaut\u0101jumu, k\u0101p\u0113c ASV vest\u0101s sarunas l\u012bdz \u0161im nav novedu\u0161as pie kara izbeig\u0161anas, Tramps atbild\u0113ja ar vienu v\u0101rdu: &#8220;Zelenskis.&#8221;<\/p>\n<\/blockquote>\n<p style=\"margin-left:0px;\">Taj\u0101 pa\u0161\u0101 laik\u0101 Balt\u0101 nama saimnieks pie\u013c\u0101va, ka var\u0113tu tikties ar Ukrainas prezidentu Pasaules Ekonomisk\u0101 foruma laik\u0101 Dasvos\u0101, kas notiks no 19. l\u012bdz 23. janv\u0101rim.<\/p>\n<p style=\"margin-left:0px;\">Tikm\u0113r Trampa \u012bpa\u0161ais v\u0113stnieks St\u012bvs Vitkofs un padomnieks D\u017eareds Ku\u0161ners pl\u0101no tuv\u0101kaj\u0101 laik\u0101 doties uz Maskavu, lai tiktos ar Krievijas diktatoru.<\/p>\n<p> Aptauja <\/p>\n<p> K\u0101di ir Donalda Trampa m\u0113r\u0137i attiec\u012bb\u0101 uz Krieviju un Ukrainu? <\/p>\n<p class=\"paragraph-muted\">Izv\u0113lies savu soct\u012bklu platformu, lai sekotu LASI.LV: <a href=\"https:\/\/www.facebook.com\/portals.lasi.lv\" target=\"_blank\" rel=\"noopener noreferrer nofollow\">Facebook<\/a>, <a href=\"https:\/\/twitter.com\/lasilvportals\" target=\"_blank\" rel=\"noopener noreferrer nofollow\">X<\/a>, <a href=\"https:\/\/bsky.app\/profile\/lasilv.bsky.social\" target=\"_blank\" rel=\"noopener noreferrer nofollow\">Bluesky<\/a>, <a href=\"https:\/\/www.draugiem.lv\/lasilv\/?pg=4\" target=\"_blank\" rel=\"noopener noreferrer nofollow\">Draugiem<\/a>, <a href=\"https:\/\/www.threads.com\/@lasilv_zinas\" rel=\"nofollow noopener\" target=\"_blank\">Threads<\/a> vai ar\u012b <a href=\"https:\/\/www.instagram.com\/lasilv_zinas\/\" target=\"_blank\" rel=\"noopener noreferrer nofollow\">Instagram<\/a>. Pievienojies m\u016bsu las\u012bt\u0101ju pulkam, lai sa\u0146emtu \u012bpa\u0161i tev atlas\u012btu noder\u012bgu, praktisku un aktu\u0101lu saturu.\u00a0<\/p>\n<p style=\"margin-left:auto;\">Pieraksties LASI.LV redaktora v\u0113stkopai <a href=\"https:\/\/lasi.lv\/vestkopa\/lasi-lv-galvena-redaktora-vestkopa\" rel=\"nofollow noopener\" target=\"_blank\">\u0161eit<\/a>.<\/p>\n<p>Pieraksties v\u0113stkopai un divas reizes ned\u0113\u013c\u0101 sa\u0146em padzi\u013cin\u0101tu LASI.LV galven\u0101 redaktora aktu\u0101lo zi\u0146u, kompetentu viedok\u013cu un interesant\u0101ko interviju apkopojumu.<\/p>\n<p>Ko tu sa\u0146emsi:<\/p>\n<ul>\n<li>Daudzveid\u012bgus koment\u0101rus un kompetentus Latvijas Mediju \u017eurn\u0101listu un autoru viedok\u013cus par aktu\u0101lo<\/li>\n<li>Ekspertu koment\u0101rus par da\u017e\u0101diem praktiskiem, noder\u012bgiem tematiem<\/li>\n<li>Aizraujo\u0161us materi\u0101lus par v\u0113sturi, psiholo\u0123iju, kult\u016bru<\/li>\n<li>Gata \u0160\u013c\u016bkas karikat\u016bru<\/li>\n<li>Tav\u0101 e-pasta kast\u012bt\u0113 katru ceturtdienu<\/li>\n<\/ul>\n<p style=\"margin-left:auto;\">\u00a0<\/p>\n<p><script async src=\"https:\/\/platform.twitter.com\/widgets.js\" charset=\"utf-8\"><\/script><script async src=\"\/\/www.instagram.com\/embed.js\"><\/script><\/p>\n","protected":false},"excerpt":{"rendered":"ASV prezidents Donalds Tramps tre\u0161dien pazi\u0146ojis, ka miera vieno\u0161an\u0101s nosl\u0113g\u0161anu kav\u0113jot Ukrainas prezidents Volodimirs Zelenskis, nevis Krievijas diktators&hellip;\n","protected":false},"author":2,"featured_media":105046,"comment_status":"","ping_status":"","sticky":false,"template":"","format":"standard","meta":{"footnotes":""},"categories":[14],"tags":[23,57,28,29,32,33,22,30,31,35,39,38,36,37,34,40,20,26,27,24,25,54,55,56,21,58],"class_list":{"0":"post-105045","1":"post","2":"type-post","3":"status-publish","4":"format-standard","5":"has-post-thumbnail","7":"category-zinas-no-arvalstim","8":"tag-aktualitates","9":"tag-arvalstim","10":"tag-breaking-news","11":"tag-breakingnews","12":"tag-featured-news","13":"tag-featurednews","14":"tag-headlines","15":"tag-latest-news","16":"tag-latestnews","17":"tag-latvia","18":"tag-latvian","19":"tag-latviesu","20":"tag-latviesu-valoda","21":"tag-latviesuvaloda","22":"tag-latvija","23":"tag-lv","24":"tag-news","25":"tag-popularakas-zinas","26":"tag-popularakaszinas","27":"tag-top-stories","28":"tag-topstories","29":"tag-world","30":"tag-world-news","31":"tag-worldnews","32":"tag-zinas","33":"tag-zinas-no-arvalstim"},"share_on_mastodon":{"url":"https:\/\/pubeurope.com\/@lv\/115897561460945164","error":""},"_links":{"self":[{"href":"https:\/\/www.europesays.com\/lv\/wp-json\/wp\/v2\/posts\/105045","targetHints":{"allow":["GET"]}}],"collection":[{"href":"https:\/\/www.europesays.com\/lv\/wp-json\/wp\/v2\/posts"}],"about":[{"href":"https:\/\/www.europesays.com\/lv\/wp-json\/wp\/v2\/types\/post"}],"author":[{"embeddable":true,"href":"https:\/\/www.europesays.com\/lv\/wp-json\/wp\/v2\/users\/2"}],"replies":[{"embeddable":true,"href":"https:\/\/www.europesays.com\/lv\/wp-json\/wp\/v2\/comments?post=105045"}],"version-history":[{"count":0,"href":"https:\/\/www.europesays.com\/lv\/wp-json\/wp\/v2\/posts\/105045\/revisions"}],"wp:featuredmedia":[{"embeddable":true,"href":"https:\/\/www.europesays.com\/lv\/wp-json\/wp\/v2\/media\/105046"}],"wp:attachment":[{"href":"https:\/\/www.europesays.com\/lv\/wp-json\/wp\/v2\/media?parent=105045"}],"wp:term":[{"taxonomy":"category","embeddable":true,"href":"https:\/\/www.europesays.com\/lv\/wp-json\/wp\/v2\/categories?post=105045"},{"taxonomy":"post_tag","embeddable":true,"href":"https:\/\/www.europesays.com\/lv\/wp-json\/wp\/v2\/tags?post=105045"}],"curies":[{"name":"wp","href":"https:\/\/api.w.org\/{rel}","templated":true}]}}