{"id":105049,"date":"2026-01-15T05:54:04","date_gmt":"2026-01-15T05:54:04","guid":{"rendered":"https:\/\/www.europesays.com\/lv\/105049\/"},"modified":"2026-01-15T05:54:04","modified_gmt":"2026-01-15T05:54:04","slug":"eiropas-parlaments-atbalsta-jaunus-es-finansesanas-veidus-temas","status":"publish","type":"post","link":"https:\/\/www.europesays.com\/lv\/105049\/","title":{"rendered":"Eiropas Parlaments atbalsta jaunus ES finans\u0113\u0161anas veidus | T\u0113mas"},"content":{"rendered":"<p>K\u0101di ir ierosin\u0101tie jaunie ES finans\u0113\u0161anas veidi?<\/p>\n<p class=\"ep-wysiwig_paragraph\">Parlaments jau ilgu laiku uzskata, ka ES ie\u0146\u0113mumu sist\u0113ma ir j\u0101reform\u0113, lai lab\u0101k risin\u0101tu pa\u0161reiz\u0113j\u0101s probl\u0113mas un sasniegtu noz\u012bm\u012bgus rezult\u0101tus eiropie\u0161iem.<\/p>\n<p class=\"ep-wysiwig_paragraph\">Lai samazin\u0101tu atkar\u012bbu no ES dal\u012bbvalstu iemaks\u0101m, kas balst\u0101s uz nacion\u0101lo kopien\u0101kumu un PVN, Parlaments aicin\u0101ja ieviest jaunus ie\u0146\u0113mumu avotus, kas saist\u012bti ar ES politiku un m\u0113r\u0137iem.<\/p>\n<p class=\"ep-wysiwig_paragraph\">Ir izteiktas da\u017e\u0101das idejas par jauniem pa\u0161u resursiem, tostarp:<\/p>\n<ul>\n<li>ie\u0146\u0113mumi no <a href=\"https:\/\/www.europarl.europa.eu\/topics\/lv\/article\/20170213STO62208\/isuma-par-es-emisijas-kvotu-tirdzniecibas-sistemu-ets-un-tas-reformu\" target=\"_blank\" rel=\"noopener nofollow\">emisiju tirdzniec\u012bbas sist\u0113mas<\/a> (ie\u0146\u0113mumi no sist\u0113mas, kas ierobe\u017eo siltumn\u012bcefekta g\u0101zu apjomu, ko var emit\u0113t, piem\u0113ram, energoietilp\u012bga r\u016bpniec\u012bba, ener\u0123ijas ra\u017eot\u0101ji un aviokomp\u0101nijas)<\/li>\n<li>digit\u0101lo pakalpojumu aplik\u0161ana ar nodokli (nodro\u0161inot digit\u0101l\u0101s ekonomikas taisn\u012bgu aplik\u0161anu ar nodokli)<\/li>\n<li><a href=\"https:\/\/www.europarl.europa.eu\/topics\/lv\/article\/20210303STO99110\/oglekla-noplude-nepielaut-ka-uznemumi-izvairas-no-emisiju-noteikumiem\" target=\"_blank\" rel=\"noopener nofollow\">oglek\u013ca ievedkorekcijas meh\u0101nisms<\/a> (oglek\u013ca cena noteiktu pre\u010du importam no \u0101rpussavien\u012bbas valst\u012bm, kas pal\u012bdz nodro\u0161in\u0101t vienl\u012bdz\u012bgus konkurences apst\u0101k\u013cus c\u012b\u0146\u0101 pret klimata p\u0101rmai\u0146\u0101m)<\/li>\n<li>Finan\u0161u dar\u012bjumu nodoklis (nodro\u0161inot, ka finan\u0161u nozare maks\u0101 taisn\u012bgu nodok\u013cu da\u013cu)<\/li>\n<li>Pa\u0161u resursi, kas saist\u012bti ar ie\u0146\u0113mumiem no uz\u0146\u0113mumu nodok\u013ciem.<\/li>\n<\/ul>\n<p class=\"ep-wysiwig_paragraph\">2023. gada maij\u0101 <a href=\"https:\/\/www.europarl.europa.eu\/news\/en\/press-room\/20230505IPR85010\/eu-revenue-a-new-start-for-eu-finances-a-new-start-for-europe\" target=\"_blank\" rel=\"noopener nofollow\">Parlaments apstiprin\u0101ja zi\u0146ojumu<\/a>, kur\u0101 aicin\u0101ts nov\u0113rt\u0113t l\u012bdz\u0161in\u0113jo reformu procesu un ierosin\u0101tas ar\u012b jaunas idejas par papildu ie\u0146\u0113mumu avotiem, piem\u0113ram, nodoklis par kriptoval\u016btu akt\u012bviem.<\/p>\n<p class=\"ep-wysiwig_paragraph\">2023. gada j\u016bnij\u0101 <a href=\"https:\/\/ec.europa.eu\/commission\/presscorner\/detail\/en\/ip_23_3328\" target=\"_blank\" rel=\"noopener nofollow\">Komisija iesniedza priek\u0161likumu<\/a> par jauniem bud\u017eeta ie\u0146\u0113mumu avotiem:<\/p>\n<ul>\n<li>Pamatojoties uz ie\u0146\u0113mumiem no emisiju tirdzniec\u012bbas (ETS): 30 % no ie\u0146\u0113mumiem no ETS kvotu izsol\u0113m tiktu pie\u0161\u0137irti ES bud\u017eetam.<\/li>\n<li>Rad\u012bti ar ES oglek\u013ca robe\u017eu korekcijas meh\u0101nismu (CBAM). 75 % no ie\u0146\u0113mumiem no meh\u0101nisma tiktu pie\u0161\u0137irti ES bud\u017eetam.<\/li>\n<li>Saist\u012bti ar uz\u0146\u0113mumu pe\u013c\u0146u: pagaid\u0101m tie b\u016btu balst\u012bti uz statistisku apl\u0113si, kas aptuveni atspogu\u013co uz\u0146\u0113mumu pe\u013c\u0146u; v\u0113l\u0101k tos var\u0113tu saist\u012bt ar iniciat\u012bvu vienk\u0101r\u0161ot uz\u0146\u0113mumu nodok\u013cu noteikumus.<\/li>\n<\/ul>\n<p class=\"ep-wysiwig_paragraph\"><a href=\"https:\/\/www.europarl.europa.eu\/news\/en\/press-room\/20231106IPR09027\/meps-clear-way-for-new-eu-revenue-call-on-eu-countries-to-swiftly-follow-suit\" target=\"_blank\" rel=\"noopener nofollow\">Parlaments atbalst\u012bja Komisijas priek\u0161likumu<\/a>, lai gan EP deput\u0101ti uzsv\u0113ra, ka b\u016btu j\u0101p\u0101rskata noteikumi par ES dal\u012bbvalstu neto iemaksu samazin\u0101\u0161anu, izmantojot atlaides vai korekcijas.<\/p>\n<p class=\"ep-wysiwig_paragraph\">Lai tas st\u0101tos sp\u0113k\u0101, vis\u0101m ES dal\u012bbvalst\u012bm ir j\u0101vienojas par jaunu ie\u0146\u0113mumu avotu pievieno\u0161anu ES bud\u017eetam. L\u012bdz \u0161im Padom\u0113 par to nav pan\u0101kta vieno\u0161an\u0101s.<\/p>\n<p class=\"ep-wysiwig_paragraph\">2025. gada maij\u0101 Parlaments pie\u0146\u0113ma rezol\u016bciju, kur\u0101 izkl\u0101st\u012btas t\u0101 priorit\u0101tes attiec\u012bb\u0101 uz ilgtermi\u0146a bud\u017eetu p\u0113c 2027. gada. Taj\u0101 Parlaments aicin\u0101ja Padomi steidzami pie\u0146emt jaunas pa\u0161u resursu ie\u0146\u0113mumu avotus, lai nodro\u0161in\u0101tu ES par\u0101da ilgtsp\u0113j\u012bgu atmaksu, un uzsv\u0113ra, ka jauni pa\u0161u resursu ie\u0146\u0113mumu avoti ir b\u016btiski, lai apmierin\u0101tu Savien\u012bbas liel\u0101kas izdevumu vajadz\u012bbas.<\/p>\n<p class=\"ep-wysiwig_paragraph\">\u201cM\u016bsu n\u0101kamajam ilgtermi\u0146a bud\u017eetam j\u0101b\u016bt atbild\u012bgam pret n\u0101kamaj\u0101m paaudz\u0113m. Fisk\u0101l\u0101 discipl\u012bna nav izv\u0113le. T\u0101 ir pien\u0101kums. Mums ir vajadz\u012bgi jauni resursi veco par\u0101du seg\u0161anai. Tas ir sol\u012bts jau gadiem ilgi. Tagad ir pien\u0101cis laiks virz\u012bties uz priek\u0161u un izpild\u012bt \u0161o sol\u012bjumu,\u201d p\u0113c plen\u0101rs\u0113des balsojuma <a href=\"https:\/\/multimedia.europarl.europa.eu\/en\/video\/press-conference-by-roberta-metsola-ep-president-siegfried-muresan-epp-ro-and-carla-tavares-sd-pt-co-rapporteurs-on-the-next-eu-long-term-budget-mff-outcome-of-the-vote-on-parliaments-priorities_I271503\" target=\"_blank\" rel=\"noopener nofollow\">preses konferenc\u0113<\/a> teica Eiropas Parlamenta priek\u0161s\u0113d\u0113t\u0101ja Roberta Metsola.<\/p>\n","protected":false},"excerpt":{"rendered":"K\u0101di ir ierosin\u0101tie jaunie ES finans\u0113\u0161anas veidi? Parlaments jau ilgu laiku uzskata, ka ES ie\u0146\u0113mumu sist\u0113ma ir j\u0101reform\u0113,&hellip;\n","protected":false},"author":2,"featured_media":105050,"comment_status":"","ping_status":"","sticky":false,"template":"","format":"standard","meta":{"footnotes":""},"categories":[5],"tags":[23,28,29,32,33,22,30,31,35,39,38,36,37,34,40,20,26,27,21659,24,25,21],"class_list":{"0":"post-105049","1":"post","2":"type-post","3":"status-publish","4":"format-standard","5":"has-post-thumbnail","7":"category-aktualitates","8":"tag-aktualitates","9":"tag-breaking-news","10":"tag-breakingnews","11":"tag-featured-news","12":"tag-featurednews","13":"tag-headlines","14":"tag-latest-news","15":"tag-latestnews","16":"tag-latvia","17":"tag-latvian","18":"tag-latviesu","19":"tag-latviesu-valoda","20":"tag-latviesuvaloda","21":"tag-latvija","22":"tag-lv","23":"tag-news","24":"tag-popularakas-zinas","25":"tag-popularakaszinas","26":"tag-producttypestory","27":"tag-top-stories","28":"tag-topstories","29":"tag-zinas"},"share_on_mastodon":{"url":"https:\/\/pubeurope.com\/@lv\/115897569252137542","error":""},"_links":{"self":[{"href":"https:\/\/www.europesays.com\/lv\/wp-json\/wp\/v2\/posts\/105049","targetHints":{"allow":["GET"]}}],"collection":[{"href":"https:\/\/www.europesays.com\/lv\/wp-json\/wp\/v2\/posts"}],"about":[{"href":"https:\/\/www.europesays.com\/lv\/wp-json\/wp\/v2\/types\/post"}],"author":[{"embeddable":true,"href":"https:\/\/www.europesays.com\/lv\/wp-json\/wp\/v2\/users\/2"}],"replies":[{"embeddable":true,"href":"https:\/\/www.europesays.com\/lv\/wp-json\/wp\/v2\/comments?post=105049"}],"version-history":[{"count":0,"href":"https:\/\/www.europesays.com\/lv\/wp-json\/wp\/v2\/posts\/105049\/revisions"}],"wp:featuredmedia":[{"embeddable":true,"href":"https:\/\/www.europesays.com\/lv\/wp-json\/wp\/v2\/media\/105050"}],"wp:attachment":[{"href":"https:\/\/www.europesays.com\/lv\/wp-json\/wp\/v2\/media?parent=105049"}],"wp:term":[{"taxonomy":"category","embeddable":true,"href":"https:\/\/www.europesays.com\/lv\/wp-json\/wp\/v2\/categories?post=105049"},{"taxonomy":"post_tag","embeddable":true,"href":"https:\/\/www.europesays.com\/lv\/wp-json\/wp\/v2\/tags?post=105049"}],"curies":[{"name":"wp","href":"https:\/\/api.w.org\/{rel}","templated":true}]}}