{"id":105053,"date":"2026-01-15T05:58:07","date_gmt":"2026-01-15T05:58:07","guid":{"rendered":"https:\/\/www.europesays.com\/lv\/105053\/"},"modified":"2026-01-15T05:58:07","modified_gmt":"2026-01-15T05:58:07","slug":"asv-sak-izvest-karavirus-no-kataras-bazes-pec-trampa-draudiem-iranai","status":"publish","type":"post","link":"https:\/\/www.europesays.com\/lv\/105053\/","title":{"rendered":"ASV s\u0101k izvest karav\u012brus no Kataras b\u0101zes p\u0113c Trampa draudiem Ir\u0101nai"},"content":{"rendered":"<blockquote class=\"quote ck-widget\" contenteditable=\"false\">\n<p>Ir\u0101nas dro\u0161\u012bbas sp\u0113ki ir nogalin\u0101ju\u0161i vismaz 3428 protest\u0113t\u0101jus, kop\u0161 decembra beig\u0101s s\u0101k\u0101s pret vald\u012bbu v\u0113rstie protesti,<\/p>\n<\/blockquote>\n<p>tre\u0161dien pav\u0113st\u012bja Norv\u0113\u0123ij\u0101 b\u0101z\u0113t\u0101 akt\u012bvistu organiz\u0101cija &#8220;Ir\u0101nas cilv\u0113kties\u012bbas&#8221; (IHR). Organiz\u0101cija tom\u0113r atzina, ka patiesais upuru skaits var b\u016bt iev\u0113rojami liel\u0101ks.<\/p>\n<p>ASV ir vair\u0101kk\u0101rt br\u012bdin\u0101ju\u0161as par iesp\u0113jamu iejauk\u0161anos, rea\u0123\u0113jot uz protestu apspie\u0161anu Ir\u0101n\u0101, savuk\u0101rt Teher\u0101na draud\u0113jusi, ka t\u0101 atbild\u0113tu ar triecieniem ASV milit\u0101riem m\u0113r\u0137iem un kravu p\u0101rvad\u0101jumiem. Ir\u0101nas varas iest\u0101des ar\u012b nosauku\u0161as ASV br\u012bdin\u0101jumus par &#8220;ieganstu milit\u0101rai intervencei&#8221;.<\/p>\n<p>Udeidas b\u0101ze j\u016bnij\u0101 bija pak\u013cauta Ir\u0101nas triecieniem p\u0113c tam, kad ASV \u012bslaic\u012bgi pievienoj\u0101s Izra\u0113las karam pret Ir\u0101nu.<\/p>\n<p>&#8220;Katara turpina \u012bstenot visus nepiecie\u0161amos pas\u0101kumus dro\u0161\u012bbas garant\u0113\u0161anai (..) tostarp darb\u012bbas, kas saist\u012btas ar kritisk\u0101s infrastrukt\u016bras un milit\u0101ro objektu aizsardz\u012bbu,&#8221; teikts Kataras Starptautisko mediju biroja pazi\u0146ojum\u0101.<\/p>\n<p>ASV v\u0113stniec\u012bba Sa\u016bda Ar\u0101bij\u0101 aicin\u0101ja savu person\u0101lu un ASV pilso\u0146us &#8220;izr\u0101d\u012bt palielin\u0101tu uzman\u012bbu un ierobe\u017eot neb\u016btiskus ce\u013cojumus uz jebk\u0101diem milit\u0101riem objektiem re\u0123ion\u0101&#8221;.<\/p>\n","protected":false},"excerpt":{"rendered":"Ir\u0101nas dro\u0161\u012bbas sp\u0113ki ir nogalin\u0101ju\u0161i vismaz 3428 protest\u0113t\u0101jus, kop\u0161 decembra beig\u0101s s\u0101k\u0101s pret vald\u012bbu v\u0113rstie protesti, tre\u0161dien pav\u0113st\u012bja&hellip;\n","protected":false},"author":2,"featured_media":105054,"comment_status":"","ping_status":"","sticky":false,"template":"","format":"standard","meta":{"footnotes":""},"categories":[14],"tags":[23,57,292,28,29,542,32,33,22,2562,3414,30,31,35,39,38,36,37,34,40,20,26,27,23835,24,25,54,55,56,21,58],"class_list":{"0":"post-105053","1":"post","2":"type-post","3":"status-publish","4":"format-standard","5":"has-post-thumbnail","7":"category-zinas-no-arvalstim","8":"tag-aktualitates","9":"tag-arvalstim","10":"tag-asv","11":"tag-breaking-news","12":"tag-breakingnews","13":"tag-donalds-tramps","14":"tag-featured-news","15":"tag-featurednews","16":"tag-headlines","17":"tag-irana","18":"tag-katara","19":"tag-latest-news","20":"tag-latestnews","21":"tag-latvia","22":"tag-latvian","23":"tag-latviesu","24":"tag-latviesu-valoda","25":"tag-latviesuvaloda","26":"tag-latvija","27":"tag-lv","28":"tag-news","29":"tag-popularakas-zinas","30":"tag-popularakaszinas","31":"tag-saspilejums-asv-un-iranas-attiecibas","32":"tag-top-stories","33":"tag-topstories","34":"tag-world","35":"tag-world-news","36":"tag-worldnews","37":"tag-zinas","38":"tag-zinas-no-arvalstim"},"share_on_mastodon":{"url":"https:\/\/pubeurope.com\/@lv\/115897585078273300","error":""},"_links":{"self":[{"href":"https:\/\/www.europesays.com\/lv\/wp-json\/wp\/v2\/posts\/105053","targetHints":{"allow":["GET"]}}],"collection":[{"href":"https:\/\/www.europesays.com\/lv\/wp-json\/wp\/v2\/posts"}],"about":[{"href":"https:\/\/www.europesays.com\/lv\/wp-json\/wp\/v2\/types\/post"}],"author":[{"embeddable":true,"href":"https:\/\/www.europesays.com\/lv\/wp-json\/wp\/v2\/users\/2"}],"replies":[{"embeddable":true,"href":"https:\/\/www.europesays.com\/lv\/wp-json\/wp\/v2\/comments?post=105053"}],"version-history":[{"count":0,"href":"https:\/\/www.europesays.com\/lv\/wp-json\/wp\/v2\/posts\/105053\/revisions"}],"wp:featuredmedia":[{"embeddable":true,"href":"https:\/\/www.europesays.com\/lv\/wp-json\/wp\/v2\/media\/105054"}],"wp:attachment":[{"href":"https:\/\/www.europesays.com\/lv\/wp-json\/wp\/v2\/media?parent=105053"}],"wp:term":[{"taxonomy":"category","embeddable":true,"href":"https:\/\/www.europesays.com\/lv\/wp-json\/wp\/v2\/categories?post=105053"},{"taxonomy":"post_tag","embeddable":true,"href":"https:\/\/www.europesays.com\/lv\/wp-json\/wp\/v2\/tags?post=105053"}],"curies":[{"name":"wp","href":"https:\/\/api.w.org\/{rel}","templated":true}]}}