{"id":105055,"date":"2026-01-15T05:59:11","date_gmt":"2026-01-15T05:59:11","guid":{"rendered":"https:\/\/www.europesays.com\/lv\/105055\/"},"modified":"2026-01-15T05:59:11","modified_gmt":"2026-01-15T05:59:11","slug":"uznemejs-dagda-atjauno-un-karte-novarta-pamestus-krucifiksus-raksts","status":"publish","type":"post","link":"https:\/\/www.europesays.com\/lv\/105055\/","title":{"rendered":"Uz\u0146\u0113m\u0113js Dagd\u0101 atjauno un kart\u0113 nov\u0101rt\u0101 pamestus krucifiksus \/ Raksts"},"content":{"rendered":"<p>\n                        13. janv\u0101ris, 19:22                    <\/p>\n<p>\n                            Autori:<br \/>\n                            Latgales re\u0123ion\u0101l\u0101 telev\u012bzija                        <\/p>\n<p>Latgale ir vien\u012bg\u0101 vieta Latvij\u0101, kur \u013coti pla\u0161i \u0101rpus bazn\u012bc\u0101m vai dz\u012bvojam\u0101m telp\u0101m sastopami\u00a0kruficiksi jeb krusti.\u00a0Sta\u0146islavs Ma\u013ckevi\u010ds ir uz\u0146\u0113m\u0113js un restaurators Kr\u0101slavas novada Dagd\u0101, kur\u0161 br\u012bvaj\u0101 laik\u0101 atjauno krucifiksus \u2013 t\u0101dus, kas atst\u0101ti nov\u0101rt\u0101 ce\u013cmal\u0101s, me\u017eos un p\u013cav\u0101s. Vair\u0101ku gadu garum\u0101 atjaunotie krusti atz\u012bm\u0113ti \u012bpa\u0161\u0101 kart\u0113, un nov\u0113rojumi \u013c\u0101vu\u0161i meistaram non\u0101kt pie secin\u0101jumiem par sen\u0101ko laiku dz\u012bves ikdienu\u00a0Latgal\u0113.\u00a0<\/p>\n<p>Ra\u017eotn\u0113 Dagd\u0101 saimnieko Sta\u0146islavs Ma\u013ckevi\u010ds \u2013 darina m\u0113beles, virtuves iek\u0101rtas, koka suven\u012brus un pat m\u0101jas. M\u0101coties koka izstr\u0101d\u0101jumu dizainu un v\u0113l\u0101k ar\u012b restaur\u0101ciju, meistars non\u0101ca l\u012bdz v\u0113l vienam aicin\u0101jumam \u2013 krucifiksu atjauno\u0161anai.\u00a0<\/p>\n<p>&#8220;Braucot gar\u0101m un redzot to, ka krucifiksi ir atst\u0101ti nov\u0101rt\u0101 ce\u013cmal\u0101s, ka neviens to nedara [neatjauno], sapratu \u2013 man, paldies Dievam, ir t\u0101da iesp\u0113ja, ka man ir ra\u017eotne un es varu tos atjaunot,&#8221; st\u0101st\u012bja meistars.\u00a0<\/p>\n<p>\u0160obr\u012bd restauratora jaun\u0101kais projekts ir koka krucifikss, kas atrasts p\u013cav\u0101 starp Konstantinovu un Auleju, un tam ir vair\u0101k nek\u0101 100 gadu.\u00a0\u00a0<\/p>\n<p>&#8220;Ar savu ma\u0161\u012bnu iebraucu me\u017e\u0101 tik dzi\u013ci, cik var\u0113ju. Tur viss bija &#8220;aizbuks\u0113ts&#8221;\u00a0un sapratu, ka ar ma\u0161\u012bnu dzi\u013c\u0101k netik\u0161u, zonas nav. Ie\u0161u k\u0101j\u0101m. Divus ar pusi kilometrus g\u0101ju, mekl\u0113ju pa me\u017eu, atradu p\u013cavas vid\u016b.&#8221;\u00a0<\/p>\n<p>Lai gan vairumu atrod neapdz\u012bvot\u0101s viet\u0101s, tie tik un t\u0101 ir ar savu v\u0113sturisku v\u0113st\u012bjumu.\u00a0\u00a0\u00a0<\/p>\n<p>&#8220;Kato\u013ciem k\u0101dreiz tas bija izteikti, ka vi\u0146i salas\u012bj\u0101s pie krusta, izrun\u0101ja savas b\u0113das, main\u012bj\u0101s ar saviem produktiem. K\u0101dam bija olas, k\u0101dam piens, un t\u0101 bija vieta, kur vi\u0146i samain\u0101s sav\u0101 starp\u0101. Neviens nepadom\u0101tu, ka tur k\u0101dreiz dz\u012bvoja cilv\u0113ki un tur bija ciemats,&#8221; zin\u0101\u0161an\u0101s dal\u012bj\u0101s Ma\u013ckevi\u010ds.<\/p>\n<p>Latvij\u0101 vien\u012bgais re\u0123ions, kur krucifiksi sastopami \u0101rpus bazn\u012bcas \u0113kas vai dz\u012bvojam\u0101m telp\u0101m, ir Latgale. Lai visus tos\u00a0atrastu un saglab\u0101tu, Ma\u013ckevi\u010ds aicina sniegt zi\u0146as par krustiem, kas v\u0113l nav atz\u012bm\u0113ti <a href=\"https:\/\/www.google.com\/maps\/d\/viewer?mid=1Q6l-wFOZBURtI00oLH_8aH0Yo9deVn8&amp;ll=56.031704081642445%2C27.272095944444477&amp;z=11\" target=\"_blank\" rel=\"nofollow noopener\">kart\u0113<\/a>. Meistars ar\u012b aicina pa\u0161us mekl\u0113t krucifiksus un regul\u0101ri apkopt.<\/p>\n<p>                    Valodas k\u013c\u016bda rakst\u0101?<\/p>\n<p class=\"d-none d-md-block\">Iez\u012bm\u0113jiet tekstu un spiediet Ctrl+Enter, lai nos\u016bt\u012btu labojamo teksta fragmentu redaktoram! Par faktu k\u013c\u016bd\u0101m l\u016bdzam zi\u0146ot e-past\u0101 <a href=\"https:\/\/www.lsm.lv\/cdn-cgi\/l\/email-protection\" class=\"__cf_email__\" data-cfemail=\"b7c5d2d3d6dcd4deddd6f7dbc4da99dbc1\" rel=\"nofollow noopener\" target=\"_blank\">[email\u00a0protected]<\/a>.<\/p>\n<p class=\"d-md-none\">Iez\u012bm\u0113jiet tekstu un spiediet uz Zi\u0146ot par k\u013c\u016bdu pogas, lai nos\u016bt\u012btu labojamo teksta fragmentu redaktoram!<\/p>\n<p>\n                    Zi\u0146ot par k\u013c\u016bdu\n                <\/p>\n","protected":false},"excerpt":{"rendered":"13. janv\u0101ris, 19:22 Autori: Latgales re\u0123ion\u0101l\u0101 telev\u012bzija Latgale ir vien\u012bg\u0101 vieta Latvij\u0101, kur \u013coti pla\u0161i \u0101rpus bazn\u012bc\u0101m vai&hellip;\n","protected":false},"author":2,"featured_media":105056,"comment_status":"","ping_status":"","sticky":false,"template":"","format":"standard","meta":{"footnotes":""},"categories":[12],"tags":[23,28,29,32,33,22,30,31,35,39,38,36,37,34,40,20,26,27,24,25,21],"class_list":{"0":"post-105055","1":"post","2":"type-post","3":"status-publish","4":"format-standard","5":"has-post-thumbnail","7":"category-latvija","8":"tag-aktualitates","9":"tag-breaking-news","10":"tag-breakingnews","11":"tag-featured-news","12":"tag-featurednews","13":"tag-headlines","14":"tag-latest-news","15":"tag-latestnews","16":"tag-latvia","17":"tag-latvian","18":"tag-latviesu","19":"tag-latviesu-valoda","20":"tag-latviesuvaloda","21":"tag-latvija","22":"tag-lv","23":"tag-news","24":"tag-popularakas-zinas","25":"tag-popularakaszinas","26":"tag-top-stories","27":"tag-topstories","28":"tag-zinas"},"share_on_mastodon":{"url":"https:\/\/pubeurope.com\/@lv\/115897589021429681","error":""},"_links":{"self":[{"href":"https:\/\/www.europesays.com\/lv\/wp-json\/wp\/v2\/posts\/105055","targetHints":{"allow":["GET"]}}],"collection":[{"href":"https:\/\/www.europesays.com\/lv\/wp-json\/wp\/v2\/posts"}],"about":[{"href":"https:\/\/www.europesays.com\/lv\/wp-json\/wp\/v2\/types\/post"}],"author":[{"embeddable":true,"href":"https:\/\/www.europesays.com\/lv\/wp-json\/wp\/v2\/users\/2"}],"replies":[{"embeddable":true,"href":"https:\/\/www.europesays.com\/lv\/wp-json\/wp\/v2\/comments?post=105055"}],"version-history":[{"count":0,"href":"https:\/\/www.europesays.com\/lv\/wp-json\/wp\/v2\/posts\/105055\/revisions"}],"wp:featuredmedia":[{"embeddable":true,"href":"https:\/\/www.europesays.com\/lv\/wp-json\/wp\/v2\/media\/105056"}],"wp:attachment":[{"href":"https:\/\/www.europesays.com\/lv\/wp-json\/wp\/v2\/media?parent=105055"}],"wp:term":[{"taxonomy":"category","embeddable":true,"href":"https:\/\/www.europesays.com\/lv\/wp-json\/wp\/v2\/categories?post=105055"},{"taxonomy":"post_tag","embeddable":true,"href":"https:\/\/www.europesays.com\/lv\/wp-json\/wp\/v2\/tags?post=105055"}],"curies":[{"name":"wp","href":"https:\/\/api.w.org\/{rel}","templated":true}]}}