{"id":105063,"date":"2026-01-15T06:10:07","date_gmt":"2026-01-15T06:10:07","guid":{"rendered":"https:\/\/www.europesays.com\/lv\/105063\/"},"modified":"2026-01-15T06:10:07","modified_gmt":"2026-01-15T06:10:07","slug":"eiropas-komisija-plano-divu-gadu-laika-atbalstit-ukrainu-ar-90-miljardiem-eiro-1188-lv","status":"publish","type":"post","link":"https:\/\/www.europesays.com\/lv\/105063\/","title":{"rendered":"Eiropas Komisija pl\u0101no divu gadu laik\u0101 atbalst\u012bt Ukrainu ar 90 miljardiem eiro &#8211; 1188.lv"},"content":{"rendered":"<ol>\n<li><a href=\"https:\/\/news.google.com\/rss\/articles\/CBMirwFBVV95cUxPYXlZLTFFelNuNUhoNnd1YmkxemhDbTRwUTIyRkd2bll4NlFjRjZ4UjNoS0ZFSXRzXzlmTExPVmlackVCNVV1NmpsaWR6YXZENjdfTEdsb2lZQWFkdV9MWTFHZEFuaDh5b3NObkh2TEJPenlRZGY5dHAyU3lmT2R0d19PaGdTb2FWWU1xZ04ydS1NdTdOeXFoc2VMalNjYi11Sno0cUdXZ1Q5b3NFalA4?oc=5\" target=\"_blank\" rel=\"nofollow noopener\">Eiropas Komisija pl\u0101no divu gadu laik\u0101 atbalst\u012bt Ukrainu ar 90 miljardiem eiro<\/a>&nbsp;&nbsp;1188.lv<\/li>\n<li><a href=\"https:\/\/news.google.com\/rss\/articles\/CBMiygFBVV95cUxNXzk3TnhBRkFHMEctaW1SS0dReEZvb2hhdjRwaU96cGFERWxROHFYX29TOHZ2Qzl6ekRWMHFhZ3BtZGRfZDM2NHZaSzJ0WEFpSVpUNHV0RjI5c1p6RjJmdVQtUmxMQTdfek1MMllsOXdDS0NTT3ZuOHFab21hcm5ISmZ6UExEUXlwZHVhTEY1T05acWRJYTg0Uzd2UnJIa19vZzZDclVpeEwzZ3ZKb0x6UWU1VjFvcURXZ2l1NDJoSzNLQTVkTXNEYzhn?oc=5\" target=\"_blank\" rel=\"nofollow noopener\">Eiropas Komisija n\u0101kusi klaj\u0101 ar finansi\u0101l\u0101 atbalsta paketi Ukrainai<\/a>&nbsp;&nbsp;Delfi<\/li>\n<li><a href=\"https:\/\/news.google.com\/rss\/articles\/CBMinwFBVV95cUxPcnBXQW9IcC1YcTVVM0J0Z2RyWjF1WHJIdmY5aUc2Q291U21TZHF1dWpSdUVVT3o1OU9QZ3hiRnBOYU4wcjJJUnRRcGI1TnJmTmJfekhWWnAtLUhyUlVUV21TV2NCTkhmV2Jtc3V3X2R3Ui1oQWd3WkMwMjBtQ19MbndNSVlvUE50SzNNY3QzUHZNV01tRUhUclE3SThmWG8?oc=5\" target=\"_blank\" rel=\"nofollow noopener\">Eiropas Savien\u012bba divu gadu laik\u0101 pie\u0161\u0137irs Ukrainai 90 miljardus eiro<\/a>&nbsp;&nbsp;TVNET<\/li>\n<li><a href=\"https:\/\/news.google.com\/rss\/articles\/CBMi5gFBVV95cUxQSEVjWUU0aDJscFYtb0tUa0JIcS1mX243U0lsaXlsWWpKVzRfckNTTE9FanhNXzR2ZG1EU3MtODM1bU9HX2phTE9fLXNMYUt5djlfZ0JBSjhBTE1NUlVPSk83d0hIUkhHTi1fTmY4ZVBkcUM1QW1KV2o3STd5aVg1S1B3ektKWFd0b0tLVGxCYzVfSm1STmg0VS1mdUlZWmU1OTlKMVpzYVBwcTd1Z0NfRFRpcno2WVg4SWlRdk1uT0N1SFV5QjgxZ1pmNm9sQnZLM04zZDZ4ZFhwSkt5b0J2NHp0cm1BZw?oc=5\" target=\"_blank\" rel=\"nofollow noopener\">Pirkt no ASV vai Eiropas? Rietumvalst\u012bs domstarp\u012bbas par ES aizdevuma Ukrainai izlietojumu<\/a>&nbsp;&nbsp;LSM<\/li>\n<li><a href=\"https:\/\/news.google.com\/rss\/articles\/CBMiygFBVV95cUxNS0d6cjBUVDY1QU9rS2MzbFRqUXpxU052dGNsandVVVNjMjM4WFJzRU5OUmZSajZMX2JBYUt4ZFhHNzVxNEVlYU5IVEFfVDkxRTlEUm9XT2k2SVhoTUtDM2QyNGw3Q1pkRmRQZ3hwQVFlRURqV0taTGN4azdGWHVQcTJfRXZucS1vcU9weEd0RVpQU0Z4anlFSVFubnBfRWh4Y1V2dnVSVVhOZlVmdTR1Z1RZaVFKR1htMGc1YVE2NVZrNklCNXdhdjlB?oc=5\" target=\"_blank\" rel=\"nofollow noopener\">Rietumu sabiedrotie str\u012bdas par Ukrainas aizdevuma izlietojumu: ASV vai Eiropas iero\u010di?<\/a>&nbsp;&nbsp;Lente.lv<\/li>\n<\/ol>\n","protected":false},"excerpt":{"rendered":"Eiropas Komisija pl\u0101no divu gadu laik\u0101 atbalst\u012bt Ukrainu ar 90 miljardiem eiro&nbsp;&nbsp;1188.lv Eiropas Komisija n\u0101kusi klaj\u0101 ar finansi\u0101l\u0101&hellip;\n","protected":false},"author":2,"featured_media":105064,"comment_status":"","ping_status":"","sticky":false,"template":"","format":"standard","meta":{"footnotes":""},"categories":[14],"tags":[129,470,473,23,57,28,29,32,33,22,30,31,35,39,38,36,37,34,40,20,26,27,471,474,472,475,24,25,54,55,56,21,58],"class_list":{"0":"post-105063","1":"post","2":"type-post","3":"status-publish","4":"format-standard","5":"has-post-thumbnail","7":"category-zinas-no-arvalstim","8":"tag-__typenameadvicekeyword","9":"tag-id532","10":"tag-id549","11":"tag-aktualitates","12":"tag-arvalstim","13":"tag-breaking-news","14":"tag-breakingnews","15":"tag-featured-news","16":"tag-featurednews","17":"tag-headlines","18":"tag-latest-news","19":"tag-latestnews","20":"tag-latvia","21":"tag-latvian","22":"tag-latviesu","23":"tag-latviesu-valoda","24":"tag-latviesuvaloda","25":"tag-latvija","26":"tag-lv","27":"tag-news","28":"tag-popularakas-zinas","29":"tag-popularakaszinas","30":"tag-slugkars-ukraina","31":"tag-slugkrievijas-iebrukums-ukraina","32":"tag-titlekars-ukraina","33":"tag-titlekrievijas-iebrukums-ukraina","34":"tag-top-stories","35":"tag-topstories","36":"tag-world","37":"tag-world-news","38":"tag-worldnews","39":"tag-zinas","40":"tag-zinas-no-arvalstim"},"share_on_mastodon":{"url":"","error":"Validation failed: Text character limit of 500 exceeded"},"_links":{"self":[{"href":"https:\/\/www.europesays.com\/lv\/wp-json\/wp\/v2\/posts\/105063","targetHints":{"allow":["GET"]}}],"collection":[{"href":"https:\/\/www.europesays.com\/lv\/wp-json\/wp\/v2\/posts"}],"about":[{"href":"https:\/\/www.europesays.com\/lv\/wp-json\/wp\/v2\/types\/post"}],"author":[{"embeddable":true,"href":"https:\/\/www.europesays.com\/lv\/wp-json\/wp\/v2\/users\/2"}],"replies":[{"embeddable":true,"href":"https:\/\/www.europesays.com\/lv\/wp-json\/wp\/v2\/comments?post=105063"}],"version-history":[{"count":0,"href":"https:\/\/www.europesays.com\/lv\/wp-json\/wp\/v2\/posts\/105063\/revisions"}],"wp:featuredmedia":[{"embeddable":true,"href":"https:\/\/www.europesays.com\/lv\/wp-json\/wp\/v2\/media\/105064"}],"wp:attachment":[{"href":"https:\/\/www.europesays.com\/lv\/wp-json\/wp\/v2\/media?parent=105063"}],"wp:term":[{"taxonomy":"category","embeddable":true,"href":"https:\/\/www.europesays.com\/lv\/wp-json\/wp\/v2\/categories?post=105063"},{"taxonomy":"post_tag","embeddable":true,"href":"https:\/\/www.europesays.com\/lv\/wp-json\/wp\/v2\/tags?post=105063"}],"curies":[{"name":"wp","href":"https:\/\/api.w.org\/{rel}","templated":true}]}}