{"id":105065,"date":"2026-01-15T06:11:12","date_gmt":"2026-01-15T06:11:12","guid":{"rendered":"https:\/\/www.europesays.com\/lv\/105065\/"},"modified":"2026-01-15T06:11:12","modified_gmt":"2026-01-15T06:11:12","slug":"ministrija-informes-par-vienota-buves-registracijas-procesa-saksanu","status":"publish","type":"post","link":"https:\/\/www.europesays.com\/lv\/105065\/","title":{"rendered":"Ministrija inform\u0113s par vienot\u0101 b\u016bves re\u0123istr\u0101cijas procesa s\u0101k\u0161anu"},"content":{"rendered":"<p>Lai inform\u0113tu par vienot\u0101 b\u016bves re\u0123istr\u0101cijas procesa s\u0101k\u0161anu, EM r\u012bko preses konferenci, kur\u0101 piedal\u012bsies ekonomikas ministrs Viktors Valainis (ZZS), Valsts zemes dienesta (VZD) \u0123ener\u0101ldirektore Vita Narnicka un B\u016bvniec\u012bbas valsts kontroles biroja (BVKB) direktore Baiba V\u012btoli\u0146a.<\/p>\n<p>Pas\u0101kum\u0101 inform\u0113s par jaun\u0101 vienot\u0101 b\u016bvju re\u0123istr\u0101cijas procesa ievie\u0161anu &#8211; t\u0101 m\u0113r\u0137iem, darb\u012bbas principiem, piem\u0113ro\u0161anas gad\u012bjumiem un sagaid\u0101majiem ieguvumiem. T\u0101pat tiks skaidrotas izmai\u0146as instit\u016bciju darb\u0101, pirmie ievie\u0161anas rezult\u0101ti un r\u012bc\u012bba tiem, kuri b\u016bvniec\u012bbu s\u0101ku\u0161i pirms 2026. gada 6. janv\u0101ra, bet v\u0113las to nosl\u0113gt, izmantojot vienoto procesu.<\/p>\n<p>Jau zi\u0146ots, ka Saeimas deput\u0101ti gal\u012bgaj\u0101 las\u012bjum\u0101 pie\u0146\u0113ma izmai\u0146as B\u016bvniec\u012bbas likum\u0101, kas paredz ieviest vienotu re\u0123istr\u0101cijas procesu gan b\u016bvniec\u012bbas s\u0101k\u0161anai un b\u016bves re\u0123istr\u0101cijai, gan ar\u012b b\u016bves \u012bpa\u0161umties\u012bbu nostiprin\u0101\u0161anai.<\/p>\n<p>Risin\u0101jums paredz vienotu digit\u0101lu procesu, kur\u0101 B\u016bvniec\u012bbas inform\u0101cijas sist\u0113m\u0101 (BIS) ievad\u012btie dati par b\u016bvi autom\u0101tiski tiks nodoti t\u0101l\u0101kai re\u0123istr\u0101cijai cit\u0101s instit\u016bcij\u0101s. Tas noz\u012bm\u0113 ar\u012b, ka turpm\u0101k neb\u016bs j\u0101veic b\u016bves kadastr\u0101l\u0101 uzm\u0113r\u012b\u0161ana.<\/p>\n","protected":false},"excerpt":{"rendered":"Lai inform\u0113tu par vienot\u0101 b\u016bves re\u0123istr\u0101cijas procesa s\u0101k\u0161anu, EM r\u012bko preses konferenci, kur\u0101 piedal\u012bsies ekonomikas ministrs Viktors Valainis&hellip;\n","protected":false},"author":2,"featured_media":105066,"comment_status":"","ping_status":"","sticky":false,"template":"","format":"standard","meta":{"footnotes":""},"categories":[12],"tags":[23,28,29,2838,32,33,22,30,31,35,39,38,36,37,34,40,20,26,27,141,24,25,21],"class_list":{"0":"post-105065","1":"post","2":"type-post","3":"status-publish","4":"format-standard","5":"has-post-thumbnail","7":"category-latvija","8":"tag-aktualitates","9":"tag-breaking-news","10":"tag-breakingnews","11":"tag-ekonomikas-ministrija","12":"tag-featured-news","13":"tag-featurednews","14":"tag-headlines","15":"tag-latest-news","16":"tag-latestnews","17":"tag-latvia","18":"tag-latvian","19":"tag-latviesu","20":"tag-latviesu-valoda","21":"tag-latviesuvaloda","22":"tag-latvija","23":"tag-lv","24":"tag-news","25":"tag-popularakas-zinas","26":"tag-popularakaszinas","27":"tag-saeima","28":"tag-top-stories","29":"tag-topstories","30":"tag-zinas"},"share_on_mastodon":{"url":"https:\/\/pubeurope.com\/@lv\/115897636274879901","error":""},"_links":{"self":[{"href":"https:\/\/www.europesays.com\/lv\/wp-json\/wp\/v2\/posts\/105065","targetHints":{"allow":["GET"]}}],"collection":[{"href":"https:\/\/www.europesays.com\/lv\/wp-json\/wp\/v2\/posts"}],"about":[{"href":"https:\/\/www.europesays.com\/lv\/wp-json\/wp\/v2\/types\/post"}],"author":[{"embeddable":true,"href":"https:\/\/www.europesays.com\/lv\/wp-json\/wp\/v2\/users\/2"}],"replies":[{"embeddable":true,"href":"https:\/\/www.europesays.com\/lv\/wp-json\/wp\/v2\/comments?post=105065"}],"version-history":[{"count":0,"href":"https:\/\/www.europesays.com\/lv\/wp-json\/wp\/v2\/posts\/105065\/revisions"}],"wp:featuredmedia":[{"embeddable":true,"href":"https:\/\/www.europesays.com\/lv\/wp-json\/wp\/v2\/media\/105066"}],"wp:attachment":[{"href":"https:\/\/www.europesays.com\/lv\/wp-json\/wp\/v2\/media?parent=105065"}],"wp:term":[{"taxonomy":"category","embeddable":true,"href":"https:\/\/www.europesays.com\/lv\/wp-json\/wp\/v2\/categories?post=105065"},{"taxonomy":"post_tag","embeddable":true,"href":"https:\/\/www.europesays.com\/lv\/wp-json\/wp\/v2\/tags?post=105065"}],"curies":[{"name":"wp","href":"https:\/\/api.w.org\/{rel}","templated":true}]}}