{"id":105069,"date":"2026-01-15T06:17:05","date_gmt":"2026-01-15T06:17:05","guid":{"rendered":"https:\/\/www.europesays.com\/lv\/105069\/"},"modified":"2026-01-15T06:17:05","modified_gmt":"2026-01-15T06:17:05","slug":"nacionalie-brunotie-speki-publisko-apliecinajumus-baltkrievijas-iesaistei-nelegalas-migracijas-planosana-un-organizesana-lv-portals","status":"publish","type":"post","link":"https:\/\/www.europesays.com\/lv\/105069\/","title":{"rendered":"Nacion\u0101lie bru\u0146otie sp\u0113ki publisko apliecin\u0101jumus Baltkrievijas iesaistei neleg\u0101l\u0101s migr\u0101cijas pl\u0101no\u0161an\u0101 un organiz\u0113\u0161an\u0101 &#8211; LV port\u0101ls"},"content":{"rendered":"<ol>\n<li><a href=\"https:\/\/news.google.com\/rss\/articles\/CBMi-wFBVV95cUxNVFZHdFNKX3U2dlBBRHc0SkZkeGdnSUl1Qkcta21kT05SODYzZ0djakhhWU1PSjROSWZFNEhYM0NoaFJLWnUwdHpGN3NRNUFWZEk0QWo5ZWRzeUJnSEhJbm1aOVNBLXJNQjBRZTlwdXpySkE0UndEMDNsbFJpUEEwall3MUZYZEgyMU9fbllSTTNmMmhUV3VvbUh5V2dicmlHc3ZnNS1TWENSSUpoVmFNa2R4dnBqNDRTWFNPWk5HVDljTC1iQ09mcFQzTHVwQU1ZVHVzbG5TT2NtZFZBd3RIRDJ2NFFkOUhnNEkzVjBnSVI5dXN1QVhkbFNiQQ?oc=5\" target=\"_blank\" rel=\"nofollow noopener\">Nacion\u0101lie bru\u0146otie sp\u0113ki publisko apliecin\u0101jumus Baltkrievijas iesaistei neleg\u0101l\u0101s migr\u0101cijas pl\u0101no\u0161an\u0101 un organiz\u0113\u0161an\u0101<\/a>&nbsp;&nbsp;LV port\u0101ls<\/li>\n<li><a href=\"https:\/\/news.google.com\/rss\/articles\/CBMi7AFBVV95cUxOV0tkWk1XbzlaS19aTGdlZ1JYMjR3S3JhaXNRTmduNzV1aTh2Z2FjM1d3N1FmMlVEQm80X0c0UGxqRWdpbUZUdjRtU3NydGJyUTMtRjdrVUNHY01zV3NmZC1QX3Bfc1h3YkxMa1pMaFZKbUdPY0RQUFk5RDZ5ZUtPNG1GakJPQThYVTJFSTRiSXQwNVpIekxoSjZhdHNUSWtsVjNmblRkS2ladW8tYWNTZFMxYnQ4S21BOVhwODdwM1pwUV82UUpSRnk0N1hMYzAyQXJCLWJsdnZvLWpaaHRhakNlbTgxNURXRVJvMg?oc=5\" target=\"_blank\" rel=\"nofollow noopener\">NBS guvu\u0161i pier\u0101d\u012bjumus, ka neleg\u0101lo migrantu virz\u012b\u0161an\u0101 uz Latvijas robe\u017eu iesaist\u012btas Baltkrievijas varas iest\u0101des. FOTO<\/a>&nbsp;&nbsp;Jauns.lv<\/li>\n<li><a href=\"https:\/\/news.google.com\/rss\/articles\/CBMi8AFBVV95cUxPQzd5V1hCd3F2MVJ2YzNiYlhoOW5IeFRVdW15TXNiTXE5Z3F0U25FVVRyTFNuMTJkYldOdTZLNzVDQkRSX3RodExWb29vM1BCWkFqcGFjX0Y5SUpsSF85R1dnb1JHRVUydUx1T3ZKN19Da2RJS0pDU2xlTjBMdmVELVU4N2p0OUhldHlyUlpUeGx2TWItSk9OWGRGRDE0T21SZmJESF9ZTzB6cGw1SEN0Z0NFRzNEU1ZxOVB0OWdPNXk4U3o5U1c5YUhKUzZ0c3VGenhRd3cwQ19QTjRfTzlCWmhJQTdrbldEZlNjdHlnZWU?oc=5\" target=\"_blank\" rel=\"nofollow noopener\">NBS atkl\u0101j pier\u0101d\u012bjumus par Baltkrievijas varas iest\u0101\u017eu iesaisti neleg\u0101l\u0101s migr\u0101cijas virz\u012b\u0161an\u0101 uz Latvijas robe\u017eu<\/a>&nbsp;&nbsp;Lente.lv<\/li>\n<li><a href=\"https:\/\/news.google.com\/rss\/articles\/CBMi_gFBVV95cUxPRS1UWGRpWTFBWGhZTEVUVG1DMnJib0ZVV2JMOF9HVmcxa2tGMFR1SVhkOFQ3TGtPZXBzNDZFYVVVejZLMzVsTUU1T1RtOUVlU3d5UUh4SXBDYWpMNHE2Q2g4NkhuYWZNT1VPb0VUc1RkWjVUdFB2UGVKemtNb3o5Q3JRdzltWXgtbWk1YWpudDVSR0lNclJEZVdKUXZjODhZSFlzU1Z4MDR0cGxtN2J5Y3ZlVHkyb2Rlb3ZBOWdHT2N4Uk9rMkJhVm5zYkd2YTZkNFkzUmNPNTlyc3NURzZLYlZYc1k2cFU2Z293ZS12MVV2dEJ3ZlNwT1BHdGNydw?oc=5\" target=\"_blank\" rel=\"nofollow noopener\">Pie robe\u017ep\u0101rk\u0101p\u0113jiem atrod Baltkrievijas milit\u0101rista dokumentus un kop\u012bgus foto ar agresorvalsts robe\u017esargiem<\/a>&nbsp;&nbsp;LSM<\/li>\n<li><a href=\"https:\/\/news.google.com\/rss\/articles\/CBMitAFBVV95cUxQMHV4ZEdNZ1gzNmNMRjJyQnZKTE1fckpqT2Y0dE1rQmRLV3cxaTFvU0s4NnJFNXBXNmR5TThUdDFkRHVWb1M4QXNuQUF4eTQ4by1wWV9zNmpWR2Jrc3V5YndZMUdrSHlzUTUyaF9SUWV4M2pORXEyMjBpMzg2NTk4ZldWeThNQmlRTHJRRXpxaFlSZk9LRFYzb0M3bm1CWTA5VVAwQmlXWDFFQmE5S3Jzd2haWVA?oc=5\" target=\"_blank\" rel=\"nofollow noopener\">NBS publisko apliecin\u0101jumus Baltkrievijas iesaistei neleg\u0101l\u0101s migr\u0101cijas organiz\u0113\u0161an\u0101<\/a>&nbsp;&nbsp;TVNET<\/li>\n<\/ol>\n","protected":false},"excerpt":{"rendered":"Nacion\u0101lie bru\u0146otie sp\u0113ki publisko apliecin\u0101jumus Baltkrievijas iesaistei neleg\u0101l\u0101s migr\u0101cijas pl\u0101no\u0161an\u0101 un organiz\u0113\u0161an\u0101&nbsp;&nbsp;LV port\u0101ls NBS guvu\u0161i pier\u0101d\u012bjumus, ka neleg\u0101lo&hellip;\n","protected":false},"author":2,"featured_media":97074,"comment_status":"","ping_status":"","sticky":false,"template":"","format":"standard","meta":{"footnotes":""},"categories":[12],"tags":[23,28,29,32,33,22,30,31,35,39,38,36,37,34,40,20,26,27,24,25,21],"class_list":{"0":"post-105069","1":"post","2":"type-post","3":"status-publish","4":"format-standard","5":"has-post-thumbnail","7":"category-latvija","8":"tag-aktualitates","9":"tag-breaking-news","10":"tag-breakingnews","11":"tag-featured-news","12":"tag-featurednews","13":"tag-headlines","14":"tag-latest-news","15":"tag-latestnews","16":"tag-latvia","17":"tag-latvian","18":"tag-latviesu","19":"tag-latviesu-valoda","20":"tag-latviesuvaloda","21":"tag-latvija","22":"tag-lv","23":"tag-news","24":"tag-popularakas-zinas","25":"tag-popularakaszinas","26":"tag-top-stories","27":"tag-topstories","28":"tag-zinas"},"share_on_mastodon":{"url":"https:\/\/pubeurope.com\/@lv\/115897659724983086","error":""},"_links":{"self":[{"href":"https:\/\/www.europesays.com\/lv\/wp-json\/wp\/v2\/posts\/105069","targetHints":{"allow":["GET"]}}],"collection":[{"href":"https:\/\/www.europesays.com\/lv\/wp-json\/wp\/v2\/posts"}],"about":[{"href":"https:\/\/www.europesays.com\/lv\/wp-json\/wp\/v2\/types\/post"}],"author":[{"embeddable":true,"href":"https:\/\/www.europesays.com\/lv\/wp-json\/wp\/v2\/users\/2"}],"replies":[{"embeddable":true,"href":"https:\/\/www.europesays.com\/lv\/wp-json\/wp\/v2\/comments?post=105069"}],"version-history":[{"count":0,"href":"https:\/\/www.europesays.com\/lv\/wp-json\/wp\/v2\/posts\/105069\/revisions"}],"wp:featuredmedia":[{"embeddable":true,"href":"https:\/\/www.europesays.com\/lv\/wp-json\/wp\/v2\/media\/97074"}],"wp:attachment":[{"href":"https:\/\/www.europesays.com\/lv\/wp-json\/wp\/v2\/media?parent=105069"}],"wp:term":[{"taxonomy":"category","embeddable":true,"href":"https:\/\/www.europesays.com\/lv\/wp-json\/wp\/v2\/categories?post=105069"},{"taxonomy":"post_tag","embeddable":true,"href":"https:\/\/www.europesays.com\/lv\/wp-json\/wp\/v2\/tags?post=105069"}],"curies":[{"name":"wp","href":"https:\/\/api.w.org\/{rel}","templated":true}]}}