{"id":105072,"date":"2026-01-15T06:26:06","date_gmt":"2026-01-15T06:26:06","guid":{"rendered":"https:\/\/www.europesays.com\/lv\/105072\/"},"modified":"2026-01-15T06:26:06","modified_gmt":"2026-01-15T06:26:06","slug":"latvijas-paraolimpiskais-ceriba-martins-olins-izcina-uzvaru-un-bronzu-fis-sacensibas-slovakija-lente-lv","status":"publish","type":"post","link":"https:\/\/www.europesays.com\/lv\/105072\/","title":{"rendered":"Latvijas paraolimpiskais cer\u012bba M\u0101rti\u0146\u0161 Oli\u0146\u0161 izc\u012bna uzvaru un bronzu FIS sacens\u012bb\u0101s Slov\u0101kij\u0101\u00a0\u2014\u00a0Lente.lv"},"content":{"rendered":"<p>Oli\u0146\u0161 demonstr\u0113 sp\u0113c\u012bgu sniegumu pirms gaid\u0101maj\u0101m paralimpiskaj\u0101m sp\u0113l\u0113m<\/p>\n<p>Latvijas para kalnu sl\u0113pot\u0101js M\u0101rti\u0146\u0161 Oli\u0146\u0161 ir veiksm\u012bgi start\u0113jis Starptautisk\u0101s Sl\u0113po\u0161anas feder\u0101cijas (FIS) sacens\u012bb\u0101s Slov\u0101kij\u0101, gatavojoties 2026. gada Mil\u0101nas-Kort\u012bnas paralimpiskaj\u0101m sp\u0113l\u0113m. Sportists izc\u012bn\u012bjis gan uzvaru Slov\u0101kijas nacion\u0101laj\u0101 \u010dempion\u0101t\u0101 slalom\u0101, gan bronzas meda\u013cu FIS starptautiskaj\u0101s sacens\u012bb\u0101s \u0161aj\u0101 discipl\u012bn\u0101. \u0160ie pan\u0101kumi apliecina stabilu progresu Oli\u0146a sniegum\u0101 un sniedz v\u0113rt\u012bgu sacens\u012bbu pieredzi pirms galven\u0101 sezonas m\u0113r\u0137a.<\/p>\n<p>Sacens\u012bbu rezult\u0101ti un iespaidi<\/p>\n<p>9. janv\u0101r\u012b notiku\u0161aj\u0101s sacens\u012bb\u0101s M\u0101rti\u0146\u0161 Oli\u0146\u0161 Slov\u0101kijas nacion\u0101laj\u0101 \u010dempion\u0101t\u0101 slalom\u0101 p\u0101rliecino\u0161i ieguva pirmo vietu piecu sportistu konkurenc\u0113. Tai pa\u0161\u0101 dien\u0101 FIS starptautiskaj\u0101s sacens\u012bb\u0101s vi\u0146\u0161 izc\u012bn\u012bja tre\u0161o vietu, tikai vienas sekundes desmitda\u013cas atpaliekot no otr\u0101s vietas ieguv\u0113ja. Dienu iepriek\u0161, 8. janv\u0101r\u012b, milzu slaloma discipl\u012bn\u0101 Oli\u0146\u0161 Slov\u0101kijas nacion\u0101laj\u0101 \u010dempion\u0101t\u0101 ierindoj\u0101s 6. viet\u0101 asto\u0146u dal\u012bbnieku konkurenc\u0113, bet FIS \u010dempion\u0101t\u0101 ie\u0146\u0113ma 7. vietu. Oli\u0146\u0161 atzina, ka trases un seguma kvalit\u0101te bijusi \u013coti laba, neskatoties uz aukstajiem laikapst\u0101k\u013ciem, un ka sacens\u012bbu adrenal\u012bns nedaudz trauc\u0113jis izpild\u012bjumu. Vi\u0146\u0161 gan atz\u012bm\u0113ja, ka sacens\u012bb\u0101s piedal\u012bju\u0161ies ar\u012b vair\u0101ki pasaules l\u012bme\u0146a sportisti.<\/p>\n<p>Ce\u013c\u0161 uz paralimpiskaj\u0101m sp\u0113l\u0113m<\/p>\n<p>M\u0101rti\u0146\u0161 Oli\u0146\u0161 ir pirmais Latvijas ziemas parasportists kop\u0161 2006. gada, kur\u0161 kvalific\u0113jies ziemas paralimpiskaj\u0101m sp\u0113l\u0113m individu\u0101laj\u0101 sporta veid\u0101. Vi\u0146\u0161 jau ir ieguvis ce\u013caz\u012bmi uz 2026. gada Mil\u0101nas-Kort\u012bnas sp\u0113l\u0113m milzu slalom\u0101. Oli\u0146a karjera kalnu sl\u0113po\u0161an\u0101 s\u0101k\u0101s sal\u012bdzino\u0161i nesen, 2019. gad\u0101 Norv\u0113\u0123ij\u0101, ta\u010du vi\u0146a progress bijis iev\u0113rojams. Vi\u0146\u0161 sacen\u0161as LW10-2 klas\u0113, izmantojot monosl\u0113pi, un str\u0101d\u0101 ar\u012b pie kvalifik\u0101cijas slaloma discipl\u012bn\u0101.<\/p>\n<p>Latvijas para kalnu sl\u0113po\u0161anas att\u012bst\u012bba<\/p>\n<p>M\u0101rti\u0146a Oli\u0146a dal\u012bba un pan\u0101kumi starptautisk\u0101s sacens\u012bb\u0101s ir noz\u012bm\u012bgs solis Latvijas para kalnu sl\u0113po\u0161anas att\u012bst\u012bb\u0101. Vi\u0146\u0161 ir ne tikai pirmais Latvijas p\u0101rst\u0101vis starptautisk\u0101s sacens\u012bb\u0101s \u0161aj\u0101 discipl\u012bn\u0101 p\u0113c medic\u012bnisk\u0101s klasifik\u0101cijas, bet ar\u012b sp\u0113c\u012bgs motivators jaunie\u0161iem un cilv\u0113kiem ar kust\u012bbu trauc\u0113jumiem, apliecinot, ka ar neatlaid\u012bbu un m\u0113r\u0137tiec\u012bbu ir iesp\u0113jams sasniegt augstus rezult\u0101tus.<\/p>\n","protected":false},"excerpt":{"rendered":"Oli\u0146\u0161 demonstr\u0113 sp\u0113c\u012bgu sniegumu pirms gaid\u0101maj\u0101m paralimpiskaj\u0101m sp\u0113l\u0113m Latvijas para kalnu sl\u0113pot\u0101js M\u0101rti\u0146\u0161 Oli\u0146\u0161 ir veiksm\u012bgi start\u0113jis Starptautisk\u0101s&hellip;\n","protected":false},"author":2,"featured_media":105073,"comment_status":"","ping_status":"","sticky":false,"template":"","format":"standard","meta":{"footnotes":""},"categories":[17],"tags":[25220,35,39,38,36,37,34,40,17174,25219,2797,3008,67],"class_list":{"0":"post-105072","1":"post","2":"type-post","3":"status-publish","4":"format-standard","5":"has-post-thumbnail","7":"category-sports","8":"tag-fis-sacensibas","9":"tag-latvia","10":"tag-latvian","11":"tag-latviesu","12":"tag-latviesu-valoda","13":"tag-latviesuvaloda","14":"tag-latvija","15":"tag-lv","16":"tag-martins-olins","17":"tag-para-kalnu-sleposana","18":"tag-paralimpiskas-speles","19":"tag-slovakija","20":"tag-sports"},"share_on_mastodon":{"url":"https:\/\/pubeurope.com\/@lv\/115897695107466072","error":""},"_links":{"self":[{"href":"https:\/\/www.europesays.com\/lv\/wp-json\/wp\/v2\/posts\/105072","targetHints":{"allow":["GET"]}}],"collection":[{"href":"https:\/\/www.europesays.com\/lv\/wp-json\/wp\/v2\/posts"}],"about":[{"href":"https:\/\/www.europesays.com\/lv\/wp-json\/wp\/v2\/types\/post"}],"author":[{"embeddable":true,"href":"https:\/\/www.europesays.com\/lv\/wp-json\/wp\/v2\/users\/2"}],"replies":[{"embeddable":true,"href":"https:\/\/www.europesays.com\/lv\/wp-json\/wp\/v2\/comments?post=105072"}],"version-history":[{"count":0,"href":"https:\/\/www.europesays.com\/lv\/wp-json\/wp\/v2\/posts\/105072\/revisions"}],"wp:featuredmedia":[{"embeddable":true,"href":"https:\/\/www.europesays.com\/lv\/wp-json\/wp\/v2\/media\/105073"}],"wp:attachment":[{"href":"https:\/\/www.europesays.com\/lv\/wp-json\/wp\/v2\/media?parent=105072"}],"wp:term":[{"taxonomy":"category","embeddable":true,"href":"https:\/\/www.europesays.com\/lv\/wp-json\/wp\/v2\/categories?post=105072"},{"taxonomy":"post_tag","embeddable":true,"href":"https:\/\/www.europesays.com\/lv\/wp-json\/wp\/v2\/tags?post=105072"}],"curies":[{"name":"wp","href":"https:\/\/api.w.org\/{rel}","templated":true}]}}