{"id":105076,"date":"2026-01-15T06:30:10","date_gmt":"2026-01-15T06:30:10","guid":{"rendered":"https:\/\/www.europesays.com\/lv\/105076\/"},"modified":"2026-01-15T06:30:10","modified_gmt":"2026-01-15T06:30:10","slug":"jaunais-latviesu-suvejs-alisters-iekaro-eiropu-vacu-mediju-sajusmina-vina-unikalais-stils","status":"publish","type":"post","link":"https:\/\/www.europesays.com\/lv\/105076\/","title":{"rendered":"Jaunais latvie\u0161u \u0161uv\u0113js Alisters iekaro Eiropu! V\u0101cu mediju saj\u016bsmina vi\u0146a unik\u0101lais stils"},"content":{"rendered":"<p>K\u0101 nov\u0113roja Jauns.lv, Alisters ir guvis lielu atzin\u012bbu ne tikai ar savu izsmalcin\u0101to stilu, bet ar\u012b ar eleganci un \u0161armu. Sekot\u0101ji no visas pasaules atz\u012bm\u0113, ka vi\u0146a t\u0113ls ir &#8220;k\u0101 atgrie\u0161an\u0101s laik\u0101&#8221;, apvienojot klasiskus elementus ar m\u016bsdien\u012bg\u0101m nians\u0113m, kas rada ne tikai nostal\u0123iju, bet ar\u012b atsvaidzina un pie\u0161\u0137ir jaunu dz\u012bvotsp\u0113ju senaj\u0101m modes trad\u012bcij\u0101m. T\u0101pat daudzi piebilst, ka Alisters ir &#8220;cien\u012bjams d\u017eentlmenis&#8221;, kas izstaro p\u0101rliec\u012bbu un izsmalcin\u0101t\u012bbu.<\/p>\n","protected":false},"excerpt":{"rendered":"K\u0101 nov\u0113roja Jauns.lv, Alisters ir guvis lielu atzin\u012bbu ne tikai ar savu izsmalcin\u0101to stilu, bet ar\u012b ar eleganci&hellip;\n","protected":false},"author":2,"featured_media":105077,"comment_status":"","ping_status":"","sticky":false,"template":"","format":"standard","meta":{"footnotes":""},"categories":[5],"tags":[23,28,29,32,33,22,30,31,35,39,38,36,37,34,40,20,26,27,24,25,21],"class_list":{"0":"post-105076","1":"post","2":"type-post","3":"status-publish","4":"format-standard","5":"has-post-thumbnail","7":"category-aktualitates","8":"tag-aktualitates","9":"tag-breaking-news","10":"tag-breakingnews","11":"tag-featured-news","12":"tag-featurednews","13":"tag-headlines","14":"tag-latest-news","15":"tag-latestnews","16":"tag-latvia","17":"tag-latvian","18":"tag-latviesu","19":"tag-latviesu-valoda","20":"tag-latviesuvaloda","21":"tag-latvija","22":"tag-lv","23":"tag-news","24":"tag-popularakas-zinas","25":"tag-popularakaszinas","26":"tag-top-stories","27":"tag-topstories","28":"tag-zinas"},"share_on_mastodon":{"url":"https:\/\/pubeurope.com\/@lv\/115897710888796331","error":""},"_links":{"self":[{"href":"https:\/\/www.europesays.com\/lv\/wp-json\/wp\/v2\/posts\/105076","targetHints":{"allow":["GET"]}}],"collection":[{"href":"https:\/\/www.europesays.com\/lv\/wp-json\/wp\/v2\/posts"}],"about":[{"href":"https:\/\/www.europesays.com\/lv\/wp-json\/wp\/v2\/types\/post"}],"author":[{"embeddable":true,"href":"https:\/\/www.europesays.com\/lv\/wp-json\/wp\/v2\/users\/2"}],"replies":[{"embeddable":true,"href":"https:\/\/www.europesays.com\/lv\/wp-json\/wp\/v2\/comments?post=105076"}],"version-history":[{"count":0,"href":"https:\/\/www.europesays.com\/lv\/wp-json\/wp\/v2\/posts\/105076\/revisions"}],"wp:featuredmedia":[{"embeddable":true,"href":"https:\/\/www.europesays.com\/lv\/wp-json\/wp\/v2\/media\/105077"}],"wp:attachment":[{"href":"https:\/\/www.europesays.com\/lv\/wp-json\/wp\/v2\/media?parent=105076"}],"wp:term":[{"taxonomy":"category","embeddable":true,"href":"https:\/\/www.europesays.com\/lv\/wp-json\/wp\/v2\/categories?post=105076"},{"taxonomy":"post_tag","embeddable":true,"href":"https:\/\/www.europesays.com\/lv\/wp-json\/wp\/v2\/tags?post=105076"}],"curies":[{"name":"wp","href":"https:\/\/api.w.org\/{rel}","templated":true}]}}