{"id":105086,"date":"2026-01-15T06:38:07","date_gmt":"2026-01-15T06:38:07","guid":{"rendered":"https:\/\/www.europesays.com\/lv\/105086\/"},"modified":"2026-01-15T06:38:07","modified_gmt":"2026-01-15T06:38:07","slug":"video-abola-flyers-izbraukuma-atzist-bufalo-sabres-parakumu-tv3-lv","status":"publish","type":"post","link":"https:\/\/www.europesays.com\/lv\/105086\/","title":{"rendered":"VIDEO: \u0100bola &quot;Flyers&quot; izbraukum\u0101 atz\u012bst Bufalo &quot;Sabres&quot; p\u0101r\u0101kumu &#8211; tv3.lv"},"content":{"rendered":"<ol>\n<li><a href=\"https:\/\/news.google.com\/rss\/articles\/CBMikAFBVV95cUxPS0ZGTlpTRXhkOURQTEx5NUFGeV9RbHZETHNIMG4wVDNpLWJWb1lYeVpmZmFvbm5KYWdfZFJCRkZVUVVnSDZzeWlSLWtIS2hEZkJabTFUT1BkazhiU0VDUW8wdkVWcThmX1VSOWw0dEg2M0t0TU1YY0RmU3FzVXA4aHJoUUFfeWJTN0F2cFBWZjM?oc=5\" target=\"_blank\" rel=\"nofollow noopener\">VIDEO: \u0100bola &#8220;Flyers&#8221; izbraukum\u0101 atz\u012bst Bufalo &#8220;Sabres&#8221; p\u0101r\u0101kumu<\/a>&nbsp;&nbsp;tv3.lv<\/li>\n<li><a href=\"https:\/\/news.google.com\/rss\/articles\/CBMijwFBVV95cUxPa2x5aGE3UEtCYThuT2lMcjQ1cV9ValN6Z1I0dHNzOEFoZEVQTGtFSkh4Q0IxQ3dkbzRvaDFlalo0T1lDU1NIT1dpWE9CZDBRNWZrQzNnYTVlcEM0UkVKN1p5OGN3emlwdmMtVkY5anNaNW8wTlB5MlVmNzRiRG50RHRWTzVJNUtteVFtcU9iUQ?oc=5\" target=\"_blank\" rel=\"nofollow noopener\">\u0100bolam un &#8221;Flyers&#8221; izbraukum\u0101 Bufalo iesp\u0113ja p\u0101rtraukt neveiksmju s\u0113riju \u2013 Hokejs<\/a>&nbsp;&nbsp;Sportacentrs.com<\/li>\n<li><a href=\"https:\/\/news.google.com\/rss\/articles\/CBMikgFBVV95cUxNODFYSkI5bTFIZGJ6NUJmUVlURnhCSUtXQTBjMWhRajVha3hQcFhOYndCYmNWUjI3YkxWNTVhVjJoRDhXYUxGWXRqQk9ycjc4R0VwdGp4a1dPNHNwY3BWLWpuejBabmkwYmNlLXVqc3BteHZoemNvQXRURjFzWW5hMXN1aHNVN0tEZzRxOHdmbE5fQQ?oc=5\" target=\"_blank\" rel=\"nofollow noopener\">\u0100bols un &#8220;Flyers&#8221; izbraukum\u0101 l\u016bkos p\u0101rtraukt zaud\u0113jumu s\u0113riju<\/a>&nbsp;&nbsp;Sportazinas.com<\/li>\n<li><a href=\"https:\/\/news.google.com\/rss\/articles\/CBMisAFBVV95cUxQVGc0anJaM0NrWVlFUEYzWGI4YnV5RUZWeldHdmg5ejFKbFRPT3dSRjFFLWtsbDhLaFUwems2dHVpNVZ5U1hvZEN4eTdZclgwbGk1a0dUNHNKNzhrdWJCOE5ZQlFaQThCTENJRDVhQWJyNDRTYUtXSU00cnNjWGNBWGQzdGZ4ajgyRUVsUTlOMkRoejFUVElnRl8wVS00ZVo1Zm5vdXhuWTlEWV9OX285cQ?oc=5\" target=\"_blank\" rel=\"nofollow noopener\">\u0100bolam zem 10 min\u016bt\u0113m sp\u0113les laiks un negat\u012bvs lietder\u012bbas koeficients pret &#8220;Sabres&#8221;<\/a>&nbsp;&nbsp;Sportazinas.com<\/li>\n<li><a href=\"https:\/\/news.google.com\/rss\/articles\/CBMijwFBVV95cUxPam0tcVRjWF9nTTBneUpQLXcyLU8zQ0loVzdHVUxXai1Pb2w4V2Y2MzJiYkNsMmxiT0JlNm9pcXRjWHphU1hEUzgwM1VVT0dXY2wwNy16ZVc0bE1waWxGYWxsM3d1cWM2RjE3QVUteW5DbFY2MVRBU0Q3MUxLSTN5YnlqQ1E2Z0VheVVGVTQ4MA?oc=5\" target=\"_blank\" rel=\"nofollow noopener\">\u0100bols negat\u012bvs, Filadelfijas &#8220;Flyers&#8221; cie\u0161 ceturto zaud\u0113jumu p\u0113c k\u0101rtas \u2013 Hokejs<\/a>&nbsp;&nbsp;Sportacentrs.com<\/li>\n<\/ol>\n","protected":false},"excerpt":{"rendered":"VIDEO: \u0100bola &#8220;Flyers&#8221; izbraukum\u0101 atz\u012bst Bufalo &#8220;Sabres&#8221; p\u0101r\u0101kumu&nbsp;&nbsp;tv3.lv \u0100bolam un &#8221;Flyers&#8221; izbraukum\u0101 Bufalo iesp\u0113ja p\u0101rtraukt neveiksmju s\u0113riju \u2013&hellip;\n","protected":false},"author":2,"featured_media":105087,"comment_status":"","ping_status":"","sticky":false,"template":"","format":"standard","meta":{"footnotes":""},"categories":[17],"tags":[25222,35,39,38,36,37,34,40,67],"class_list":{"0":"post-105086","1":"post","2":"type-post","3":"status-publish","4":"format-standard","5":"has-post-thumbnail","7":"category-sports","8":"tag-bufalo-sabresfiladelfijas-flyersnhlrodrigo-abols","9":"tag-latvia","10":"tag-latvian","11":"tag-latviesu","12":"tag-latviesu-valoda","13":"tag-latviesuvaloda","14":"tag-latvija","15":"tag-lv","16":"tag-sports"},"share_on_mastodon":{"url":"https:\/\/pubeurope.com\/@lv\/115897742312304090","error":""},"_links":{"self":[{"href":"https:\/\/www.europesays.com\/lv\/wp-json\/wp\/v2\/posts\/105086","targetHints":{"allow":["GET"]}}],"collection":[{"href":"https:\/\/www.europesays.com\/lv\/wp-json\/wp\/v2\/posts"}],"about":[{"href":"https:\/\/www.europesays.com\/lv\/wp-json\/wp\/v2\/types\/post"}],"author":[{"embeddable":true,"href":"https:\/\/www.europesays.com\/lv\/wp-json\/wp\/v2\/users\/2"}],"replies":[{"embeddable":true,"href":"https:\/\/www.europesays.com\/lv\/wp-json\/wp\/v2\/comments?post=105086"}],"version-history":[{"count":0,"href":"https:\/\/www.europesays.com\/lv\/wp-json\/wp\/v2\/posts\/105086\/revisions"}],"wp:featuredmedia":[{"embeddable":true,"href":"https:\/\/www.europesays.com\/lv\/wp-json\/wp\/v2\/media\/105087"}],"wp:attachment":[{"href":"https:\/\/www.europesays.com\/lv\/wp-json\/wp\/v2\/media?parent=105086"}],"wp:term":[{"taxonomy":"category","embeddable":true,"href":"https:\/\/www.europesays.com\/lv\/wp-json\/wp\/v2\/categories?post=105086"},{"taxonomy":"post_tag","embeddable":true,"href":"https:\/\/www.europesays.com\/lv\/wp-json\/wp\/v2\/tags?post=105086"}],"curies":[{"name":"wp","href":"https:\/\/api.w.org\/{rel}","templated":true}]}}