{"id":105090,"date":"2026-01-15T06:42:12","date_gmt":"2026-01-15T06:42:12","guid":{"rendered":"https:\/\/www.europesays.com\/lv\/105090\/"},"modified":"2026-01-15T06:42:12","modified_gmt":"2026-01-15T06:42:12","slug":"regionalaja-sabiedriskaja-transporta-bus-dargakas-biletes","status":"publish","type":"post","link":"https:\/\/www.europesays.com\/lv\/105090\/","title":{"rendered":"Re\u0123ion\u0101laj\u0101 sabiedriskaj\u0101 transport\u0101 b\u016bs d\u0101rg\u0101kas bi\u013cetes"},"content":{"rendered":"<p>L\u012bdz tre\u0161dienai, 14. janv\u0101rim, ieg\u0101d\u0101t\u0101s bi\u013cetes b\u016bs der\u012bgas l\u012bdz attiec\u012bg\u0101s bi\u013cetes termi\u0146a beig\u0101m, savuk\u0101rt no 15. janv\u0101ra visas bi\u013cetes tiks p\u0101rdotas p\u0113c jaun\u0101 tarifa.<\/p>\n<p>Vienlaikus ATD uzsv\u0113ra, ka vis\u0101m soci\u0101li aizsarg\u0101taj\u0101m pasa\u017eieru grup\u0101m brauk\u0161anas maksas atvieglojumi re\u0123ion\u0101lajos mar\u0161rutos saglab\u0101jas 100% apm\u0113r\u0101, un transporta izmanto\u0161anas k\u0101rt\u012bba nemain\u0101s, k\u0101 ar\u012b abonementa bi\u013ce\u0161u atlaides paliks sp\u0113k\u0101.<\/p>\n<p>Tarifi tiek p\u0101rskat\u012bti regul\u0101ri ne ret\u0101k k\u0101 reizi gad\u0101, \u0146emot v\u0113r\u0101 uzkr\u0101to infl\u0101cijas l\u012bmeni un vid\u0113j\u0101s darba samaksas izmai\u0146as sal\u012bdzin\u0101jum\u0101 ar iepriek\u0161\u0113jo periodu.<\/p>\n<p>Jau v\u0113st\u012bts, ka 2023. gada decembr\u012b Sabiedrisk\u0101 transporta padome apstiprin\u0101ja re\u0123ion\u0101l\u0101 sabiedrisk\u0101 transporta jauno bi\u013ce\u0161u un tarifu sist\u0113mu. Tostarp 2024. gada 1. apr\u012bl\u012b re\u0123ion\u0101laj\u0101 sabiedriskaj\u0101 transport\u0101 st\u0101j\u0101s sp\u0113k\u0101 jauni tarifi un bi\u013ce\u0161u veidi.<\/p>\n<p>Tobr\u012bd tarifu sist\u0113m\u0101 minim\u0101l\u0101 brauk\u0161anas maksa R\u012bg\u0101 tika noteikta 1,5 eiro apm\u0113r\u0101, cit\u0101s pils\u0113t\u0101s &#8211; viena eiro apm\u0113r\u0101, bet \u0101rpus pils\u0113t\u0101m &#8211; 0,7 eiro apm\u0113r\u0101. Vienlaikus maksa par braucienu ar vilcienu, piem\u0113ram, mar\u0161rut\u0101 R\u012bga-Liep\u0101ja pieauga no 7,4 eiro l\u012bdz 8,9 eiro, kam\u0113r maksa par braucienu ar autobusu \u0161aj\u0101 mar\u0161rut\u0101 palielin\u0101j\u0101s no 8,65 eiro l\u012bdz 10,4 eiro.<\/p>\n<p>Iepriek\u0161\u0113j\u0101 re\u0123ion\u0101l\u0101 sabiedrisk\u0101 transporta tarifu sist\u0113ma Latvij\u0101 bija sp\u0113k\u0101 kop\u0161 2020. gada.<\/p>\n<p>ATD ir vienotas valsts politikas realiz\u0113t\u0101ja starptautisko p\u0101rvad\u0101jumu jom\u0101, autotransporta komercp\u0101rvad\u0101jumu uz\u0146\u0113m\u0113jdarb\u012bbas licenc\u0113\u0161an\u0101, k\u0101 ar\u012b sabiedrisk\u0101 transporta pl\u0101no\u0161an\u0101.<\/p>\n","protected":false},"excerpt":{"rendered":"L\u012bdz tre\u0161dienai, 14. janv\u0101rim, ieg\u0101d\u0101t\u0101s bi\u013cetes b\u016bs der\u012bgas l\u012bdz attiec\u012bg\u0101s bi\u013cetes termi\u0146a beig\u0101m, savuk\u0101rt no 15. janv\u0101ra visas&hellip;\n","protected":false},"author":2,"featured_media":105091,"comment_status":"","ping_status":"","sticky":false,"template":"","format":"standard","meta":{"footnotes":""},"categories":[5],"tags":[23,1953,28,29,32,33,22,30,31,35,39,38,36,37,34,40,20,26,27,1954,24,25,4957,21],"class_list":{"0":"post-105090","1":"post","2":"type-post","3":"status-publish","4":"format-standard","5":"has-post-thumbnail","7":"category-aktualitates","8":"tag-aktualitates","9":"tag-autotransporta-direkcija","10":"tag-breaking-news","11":"tag-breakingnews","12":"tag-featured-news","13":"tag-featurednews","14":"tag-headlines","15":"tag-latest-news","16":"tag-latestnews","17":"tag-latvia","18":"tag-latvian","19":"tag-latviesu","20":"tag-latviesu-valoda","21":"tag-latviesuvaloda","22":"tag-latvija","23":"tag-lv","24":"tag-news","25":"tag-popularakas-zinas","26":"tag-popularakaszinas","27":"tag-sabiedriskais-transports","28":"tag-top-stories","29":"tag-topstories","30":"tag-transports","31":"tag-zinas"},"share_on_mastodon":{"url":"https:\/\/pubeurope.com\/@lv\/115897758054145782","error":""},"_links":{"self":[{"href":"https:\/\/www.europesays.com\/lv\/wp-json\/wp\/v2\/posts\/105090","targetHints":{"allow":["GET"]}}],"collection":[{"href":"https:\/\/www.europesays.com\/lv\/wp-json\/wp\/v2\/posts"}],"about":[{"href":"https:\/\/www.europesays.com\/lv\/wp-json\/wp\/v2\/types\/post"}],"author":[{"embeddable":true,"href":"https:\/\/www.europesays.com\/lv\/wp-json\/wp\/v2\/users\/2"}],"replies":[{"embeddable":true,"href":"https:\/\/www.europesays.com\/lv\/wp-json\/wp\/v2\/comments?post=105090"}],"version-history":[{"count":0,"href":"https:\/\/www.europesays.com\/lv\/wp-json\/wp\/v2\/posts\/105090\/revisions"}],"wp:featuredmedia":[{"embeddable":true,"href":"https:\/\/www.europesays.com\/lv\/wp-json\/wp\/v2\/media\/105091"}],"wp:attachment":[{"href":"https:\/\/www.europesays.com\/lv\/wp-json\/wp\/v2\/media?parent=105090"}],"wp:term":[{"taxonomy":"category","embeddable":true,"href":"https:\/\/www.europesays.com\/lv\/wp-json\/wp\/v2\/categories?post=105090"},{"taxonomy":"post_tag","embeddable":true,"href":"https:\/\/www.europesays.com\/lv\/wp-json\/wp\/v2\/tags?post=105090"}],"curies":[{"name":"wp","href":"https:\/\/api.w.org\/{rel}","templated":true}]}}