{"id":105092,"date":"2026-01-15T06:43:26","date_gmt":"2026-01-15T06:43:26","guid":{"rendered":"https:\/\/www.europesays.com\/lv\/105092\/"},"modified":"2026-01-15T06:43:26","modified_gmt":"2026-01-15T06:43:26","slug":"riga-dzivojoso-ukrainu-dziedataju-svetlanu-lobodu-krievija-grib-pasludinat-par-teroristi","status":"publish","type":"post","link":"https:\/\/www.europesays.com\/lv\/105092\/","title":{"rendered":"R\u012bg\u0101 dz\u012bvojo\u0161o ukrai\u0146u dzied\u0101t\u0101ju Svetlanu Lobodu Krievij\u0101 grib pasludin\u0101t par &#8220;teroristi&#8221;"},"content":{"rendered":"<p>Nenogursto\u0161ais Borodins piev\u0113rsis uzman\u012bbu, ka Loboda, kura pirms inv\u0101zijas ilgsto\u0161i dz\u012bvoja Krievij\u0101, bet nu vi\u0146ai ir 50 gadus aizliegts tur iebraukt, Jaun\u0101 gada sv\u0113tku laik\u0101 uzst\u0101j\u0101s Krievijas uz\u0146\u0113m\u0113jiem Taizem\u0113, par koncertu sa\u0146emot 15 miljonus rub\u013cu (160 t\u016bksto\u0161i eiro). T\u0101d\u0113\u013c Borodins aicin\u0101jis Krievijas \u0122ener\u0101lprokurat\u016bru iek\u013caut m\u0101kslinieci teroristu un ekstr\u0113mistu sarakst\u0101, k\u0101 ar\u012b p\u0101rbaud\u012bt koncerta organiz\u0113t\u0101jus, t\u0101 k\u0101 Lobodai samaks\u0101t\u0101 nauda var nok\u013c\u016bt Ukrainas armijas r\u012bc\u012bb\u0101.<\/p>\n","protected":false},"excerpt":{"rendered":"Nenogursto\u0161ais Borodins piev\u0113rsis uzman\u012bbu, ka Loboda, kura pirms inv\u0101zijas ilgsto\u0161i dz\u012bvoja Krievij\u0101, bet nu vi\u0146ai ir 50 gadus&hellip;\n","protected":false},"author":2,"featured_media":105093,"comment_status":"","ping_status":"","sticky":false,"template":"","format":"standard","meta":{"footnotes":""},"categories":[19],"tags":[89,90,35,39,38,36,37,34,40],"class_list":{"0":"post-105092","1":"post","2":"type-post","3":"status-publish","4":"format-standard","5":"has-post-thumbnail","7":"category-izklaide","8":"tag-entertainment","9":"tag-izklaide","10":"tag-latvia","11":"tag-latvian","12":"tag-latviesu","13":"tag-latviesu-valoda","14":"tag-latviesuvaloda","15":"tag-latvija","16":"tag-lv"},"share_on_mastodon":{"url":"https:\/\/pubeurope.com\/@lv\/115897762003473323","error":""},"_links":{"self":[{"href":"https:\/\/www.europesays.com\/lv\/wp-json\/wp\/v2\/posts\/105092","targetHints":{"allow":["GET"]}}],"collection":[{"href":"https:\/\/www.europesays.com\/lv\/wp-json\/wp\/v2\/posts"}],"about":[{"href":"https:\/\/www.europesays.com\/lv\/wp-json\/wp\/v2\/types\/post"}],"author":[{"embeddable":true,"href":"https:\/\/www.europesays.com\/lv\/wp-json\/wp\/v2\/users\/2"}],"replies":[{"embeddable":true,"href":"https:\/\/www.europesays.com\/lv\/wp-json\/wp\/v2\/comments?post=105092"}],"version-history":[{"count":0,"href":"https:\/\/www.europesays.com\/lv\/wp-json\/wp\/v2\/posts\/105092\/revisions"}],"wp:featuredmedia":[{"embeddable":true,"href":"https:\/\/www.europesays.com\/lv\/wp-json\/wp\/v2\/media\/105093"}],"wp:attachment":[{"href":"https:\/\/www.europesays.com\/lv\/wp-json\/wp\/v2\/media?parent=105092"}],"wp:term":[{"taxonomy":"category","embeddable":true,"href":"https:\/\/www.europesays.com\/lv\/wp-json\/wp\/v2\/categories?post=105092"},{"taxonomy":"post_tag","embeddable":true,"href":"https:\/\/www.europesays.com\/lv\/wp-json\/wp\/v2\/tags?post=105092"}],"curies":[{"name":"wp","href":"https:\/\/api.w.org\/{rel}","templated":true}]}}