{"id":105094,"date":"2026-01-15T06:44:07","date_gmt":"2026-01-15T06:44:07","guid":{"rendered":"https:\/\/www.europesays.com\/lv\/105094\/"},"modified":"2026-01-15T06:44:07","modified_gmt":"2026-01-15T06:44:07","slug":"aluksnes-rallija-startes-stroksa-neiksana-ekipaza-motoru-sports-sportacentrs-com","status":"publish","type":"post","link":"https:\/\/www.europesays.com\/lv\/105094\/","title":{"rendered":"Al\u016bksnes rallij\u0101 start\u0113s Strok\u0161a\/Neik\u0161\u0101na ekip\u0101\u017ea \u2013 Motoru sports \u2013 Sportacentrs.com"},"content":{"rendered":"<p>Raimonds atz\u012bst, ka &#8220;saj\u016btas kapit\u0101las&#8221;, un pirmssacens\u012bbu mandr\u0101\u017ea jau pat\u012bkami k\u016bs\u0101. P\u0113c devi\u0146u gadu pauzes Strok\u0161s p\u0113rn atgriez\u0101s rallijsprinta sacens\u012bb\u0101s Talsos, un tagad ar nepaciet\u012bbu gaida iesp\u0113ju izm\u0113\u0123in\u0101t sp\u0113kus Al\u016bksnes ziem\u012bgajos \u0101trumposmos. M\u0113r\u0137is vienk\u0101r\u0161s &#8211; izbaud\u012bt! Gatavo\u0161an\u0101s jau rit piln\u0101 spar\u0101 &#8211; pieteikumi un licences nok\u0101rtoti, riepas pas\u016bt\u012btas. Atliek v\u0113l nedaudz atsvaidzin\u0101t iema\u0146as treni\u0146os.<\/p>\n<p>M\u0101ris Neik\u0161\u0101ns: &#8220;\u0160is rallijs ir mums priekam &#8211; for fun. Divi vecmeistari \u0161odien izdom\u0101ja piedal\u012bties. Izbaud\u012bt &#8211; atspiesties pret sniega valni l\u012bkumos ir norma un pat vajadz\u012bga. S\u0101nsl\u012bd\u0113 n\u0101kot, ja blakus ir koks vai gr\u0101vis, tad man pa\u0161am aizraujas elpa. Trak\u0101kais, ko pilots man ir pateicis \u0101trumposm\u0101, kad esam starp diviem trampl\u012bniem, vid\u016b, piln\u0101 g\u0101z\u0113 ejot: es nedzird\u0113ju&#8230;&#8221;<\/p>\n<p>Uz jaut\u0101jumu, cik \u0101tri sp\u0113j p\u0101rsl\u0113gties no diktatora st\u016brma\u0146a uz \u0161\u010d\u016br\u0113t\u0101ju, kad ma\u0161\u012bna tiek valn\u012b lai raktu ar l\u0101pstu \u2013 M\u0101ris atbild nekav\u0113joties: &#8220;Sekundes desmitda\u013c\u0101. Tas ir pien\u0101kums, kas nostr\u0101d\u0101 autom\u0101tiski. Ja vajag, v\u0113l citus padomus varu pilotam iedot brauciena laik\u0101. Kam\u0113r lasu stenogrammu, pasp\u0113ju ar\u012b ce\u013cu redz\u0113t, bet, ja n\u0113, tad pa\u013caujos uz to, ka pilots dzird.&#8221;<\/p>\n<p>Dal\u012bbnieku saraksts: <a target=\"_blank\" href=\"https:\/\/autorally.lv\/?m=2\" rel=\"nofollow noopener\">https:\/\/autorally.lv\/?m=2<\/a><\/p>\n<p>Pieejamas ar\u012b \u0101trumposmu kartes. Tagad var mier\u012bgi s\u0101kt pl\u0101no\u0161anas procesu \u2013 kur braukt, kur skat\u012bsies.<\/p>\n<p>Interakt\u012bv\u0101 karte: <a target=\"_blank\" href=\"https:\/\/www.google.com\/maps\/d\/u\/0\/viewer?mid=1WqnZetpdU3oOWthU2Tg0xOcbEvcBCjc&amp;ll=57.45960928539233%2C27.085536301269535&amp;z=11\" rel=\"nofollow noopener\">https:\/\/www.google.com\/maps\/d\/u\/0\/v&#8230;<\/a><\/p>\n<p>Izmantotie resursi:<br \/><a target=\"_blank\" href=\"http:\/\/www.facebook.com\/RallyAluksne\" rel=\"nofollow noopener\">facebook.com<\/a><\/p>\n","protected":false},"excerpt":{"rendered":"Raimonds atz\u012bst, ka &#8220;saj\u016btas kapit\u0101las&#8221;, un pirmssacens\u012bbu mandr\u0101\u017ea jau pat\u012bkami k\u016bs\u0101. P\u0113c devi\u0146u gadu pauzes Strok\u0161s p\u0113rn atgriez\u0101s&hellip;\n","protected":false},"author":2,"featured_media":105095,"comment_status":"","ping_status":"","sticky":false,"template":"","format":"standard","meta":{"footnotes":""},"categories":[17],"tags":[35,39,38,36,37,34,40,165,67],"class_list":{"0":"post-105094","1":"post","2":"type-post","3":"status-publish","4":"format-standard","5":"has-post-thumbnail","7":"category-sports","8":"tag-latvia","9":"tag-latvian","10":"tag-latviesu","11":"tag-latviesu-valoda","12":"tag-latviesuvaloda","13":"tag-latvija","14":"tag-lv","15":"tag-motoru-sports","16":"tag-sports"},"share_on_mastodon":{"url":"https:\/\/pubeurope.com\/@lv\/115897765901898076","error":""},"_links":{"self":[{"href":"https:\/\/www.europesays.com\/lv\/wp-json\/wp\/v2\/posts\/105094","targetHints":{"allow":["GET"]}}],"collection":[{"href":"https:\/\/www.europesays.com\/lv\/wp-json\/wp\/v2\/posts"}],"about":[{"href":"https:\/\/www.europesays.com\/lv\/wp-json\/wp\/v2\/types\/post"}],"author":[{"embeddable":true,"href":"https:\/\/www.europesays.com\/lv\/wp-json\/wp\/v2\/users\/2"}],"replies":[{"embeddable":true,"href":"https:\/\/www.europesays.com\/lv\/wp-json\/wp\/v2\/comments?post=105094"}],"version-history":[{"count":0,"href":"https:\/\/www.europesays.com\/lv\/wp-json\/wp\/v2\/posts\/105094\/revisions"}],"wp:featuredmedia":[{"embeddable":true,"href":"https:\/\/www.europesays.com\/lv\/wp-json\/wp\/v2\/media\/105095"}],"wp:attachment":[{"href":"https:\/\/www.europesays.com\/lv\/wp-json\/wp\/v2\/media?parent=105094"}],"wp:term":[{"taxonomy":"category","embeddable":true,"href":"https:\/\/www.europesays.com\/lv\/wp-json\/wp\/v2\/categories?post=105094"},{"taxonomy":"post_tag","embeddable":true,"href":"https:\/\/www.europesays.com\/lv\/wp-json\/wp\/v2\/tags?post=105094"}],"curies":[{"name":"wp","href":"https:\/\/api.w.org\/{rel}","templated":true}]}}