{"id":105096,"date":"2026-01-15T06:47:10","date_gmt":"2026-01-15T06:47:10","guid":{"rendered":"https:\/\/www.europesays.com\/lv\/105096\/"},"modified":"2026-01-15T06:47:10","modified_gmt":"2026-01-15T06:47:10","slug":"perimenopauze-latvija-kapec-par-to-sobrid-runa-visas","status":"publish","type":"post","link":"https:\/\/www.europesays.com\/lv\/105096\/","title":{"rendered":"Perimenopauze Latvij\u0101 &#8211; k\u0101p\u0113c par to \u0161obr\u012bd run\u0101 visas"},"content":{"rendered":"<p>\u201cRekomend\u0113ju regul\u0101ri apmekl\u0113t ginekologu jau pie pirm\u0101s simptom\u0101tikas, jo tie nav simptomi, kas s\u0101kas dienas laik\u0101, tas ir pak\u0101penisks notikumu kopums. Tie\u0161i t\u0101p\u0113c cie\u0161ais kontakts ar ginekologu ir pamatu pamats, lai sieviete profilaktiski gatavotos \u0161im jaunajam posmam. Katrai sievietei p\u0113c 35\u00a0gadiem ir arvien r\u016bp\u012bg\u0101k j\u0101pieskata sava vesel\u012bba un j\u0101dodas uz vesel\u012bbas p\u0101rbaud\u0113m, jo tie\u0161i tad \u0101rsti var \u201cno\u0137ert aiz astes\u201d pirmo simptom\u0101tiku. P\u0113c savas pieredzes varu god\u012bgi pateikt, ka ir biju\u0161as sievietes, kas atbrauc uz uz\u0146em\u0161anas noda\u013cu ar sp\u0113c\u012bgu asi\u0146o\u0161anu no dzimumce\u013ciem, kas ir ieilgu\u0161u menstru\u0101ciju d\u0113\u013c. Kad vaic\u0101ju, cik sen ir \u0161\u0101da menstru\u0101l\u0101 asi\u0146o\u0161ana, atbilde ir: pusgadu. T\u0101l\u0101k jaut\u0101ju: \u201cVai j\u016bs griez\u0101ties pie sava ginekologa, lai mazin\u0101tu asi\u0146o\u0161anu?\u201d Sieviete atbild, ka neesot bijusi pie ginekologa 3,5\u00a0gadus, ta\u010du t\u0101 nedr\u012bkst b\u016bt. Profilakse ir svar\u012bga. Esmu sapratusi, ka man\u0101m pacient\u0113m ir da\u017e\u0101das s\u016bdz\u012bbas, ta\u010du pat tad, ja ir popul\u0101r\u0101kie kl\u012bniskie simptomi, tie ne vienm\u0113r n\u0101k k\u0101 no gr\u0101matas. T\u0101pat esmu paman\u012bjusi, ka \u0161obr\u012bd sievietes jau s\u0101k paman\u012bt simptomus, s\u0101k interes\u0113ties par perimenopauzi, menopauzi, jo, ja simptomu klasika bija karstuma vi\u013c\u0146i un p\u0101rm\u0113r\u012bga menstru\u0101l\u0101 asi\u0146o\u0161ana, ar ko v\u0113rs\u0101s pie ginekologa, tad tagad esmu priec\u012bga, ka, sieviet\u0113m izgl\u012btojoties, pie manis s\u0101k n\u0101kt jau ar\u012b sievietes ar miega trauc\u0113jumiem, k\u0101 ar\u012b garast\u0101vok\u013ca trauc\u0113jumiem.<\/p>\n","protected":false},"excerpt":{"rendered":"\u201cRekomend\u0113ju regul\u0101ri apmekl\u0113t ginekologu jau pie pirm\u0101s simptom\u0101tikas, jo tie nav simptomi, kas s\u0101kas dienas laik\u0101, tas ir&hellip;\n","protected":false},"author":2,"featured_media":105097,"comment_status":"","ping_status":"","sticky":false,"template":"","format":"standard","meta":{"footnotes":""},"categories":[12],"tags":[23,28,29,32,33,22,30,31,35,39,38,36,37,34,40,20,26,27,24,25,21],"class_list":{"0":"post-105096","1":"post","2":"type-post","3":"status-publish","4":"format-standard","5":"has-post-thumbnail","7":"category-latvija","8":"tag-aktualitates","9":"tag-breaking-news","10":"tag-breakingnews","11":"tag-featured-news","12":"tag-featurednews","13":"tag-headlines","14":"tag-latest-news","15":"tag-latestnews","16":"tag-latvia","17":"tag-latvian","18":"tag-latviesu","19":"tag-latviesu-valoda","20":"tag-latviesuvaloda","21":"tag-latvija","22":"tag-lv","23":"tag-news","24":"tag-popularakas-zinas","25":"tag-popularakaszinas","26":"tag-top-stories","27":"tag-topstories","28":"tag-zinas"},"share_on_mastodon":{"url":"https:\/\/pubeurope.com\/@lv\/115897778264997881","error":""},"_links":{"self":[{"href":"https:\/\/www.europesays.com\/lv\/wp-json\/wp\/v2\/posts\/105096","targetHints":{"allow":["GET"]}}],"collection":[{"href":"https:\/\/www.europesays.com\/lv\/wp-json\/wp\/v2\/posts"}],"about":[{"href":"https:\/\/www.europesays.com\/lv\/wp-json\/wp\/v2\/types\/post"}],"author":[{"embeddable":true,"href":"https:\/\/www.europesays.com\/lv\/wp-json\/wp\/v2\/users\/2"}],"replies":[{"embeddable":true,"href":"https:\/\/www.europesays.com\/lv\/wp-json\/wp\/v2\/comments?post=105096"}],"version-history":[{"count":0,"href":"https:\/\/www.europesays.com\/lv\/wp-json\/wp\/v2\/posts\/105096\/revisions"}],"wp:featuredmedia":[{"embeddable":true,"href":"https:\/\/www.europesays.com\/lv\/wp-json\/wp\/v2\/media\/105097"}],"wp:attachment":[{"href":"https:\/\/www.europesays.com\/lv\/wp-json\/wp\/v2\/media?parent=105096"}],"wp:term":[{"taxonomy":"category","embeddable":true,"href":"https:\/\/www.europesays.com\/lv\/wp-json\/wp\/v2\/categories?post=105096"},{"taxonomy":"post_tag","embeddable":true,"href":"https:\/\/www.europesays.com\/lv\/wp-json\/wp\/v2\/tags?post=105096"}],"curies":[{"name":"wp","href":"https:\/\/api.w.org\/{rel}","templated":true}]}}