{"id":105105,"date":"2026-01-15T06:55:07","date_gmt":"2026-01-15T06:55:07","guid":{"rendered":"https:\/\/www.europesays.com\/lv\/105105\/"},"modified":"2026-01-15T06:55:07","modified_gmt":"2026-01-15T06:55:07","slug":"tresdienas-rita-vietam-latvija-autoceli-apledo-autovaditaji-aicinati-but-uzmanigiem-lente-lv","status":"publish","type":"post","link":"https:\/\/www.europesays.com\/lv\/105105\/","title":{"rendered":"Tre\u0161dienas r\u012bt\u0101 viet\u0101m Latvij\u0101 autoce\u013ci apledo; autovad\u012bt\u0101ji aicin\u0101ti b\u016bt uzman\u012bgiem\u00a0\u2014\u00a0Lente.lv"},"content":{"rendered":"<p>Sare\u017e\u0123\u012bti brauk\u0161anas apst\u0101k\u013ci vair\u0101k\u0101s viet\u0101s Latvij\u0101<\/p>\n<p>Tre\u0161dienas, 15. janv\u0101ra, r\u012bt\u0101 Latvijas autoce\u013ci daudzviet ir sniegoti un apledoju\u0161i, radot apgr\u016btin\u0101tus brauk\u0161anas apst\u0101k\u013cus, \u012bpa\u0161i Latgales re\u0123ion\u0101. K\u0101 zi\u0146o av\u012bze Diena, VSIA &#8220;Latvijas valsts ce\u013ci&#8221; inform\u0113, ka uz ce\u013ciem str\u0101d\u0101 ziemas dienesta tehnika, lai uzlabotu satiksmes dro\u0161\u012bbu.<\/p>\n<p>Apgr\u016btin\u0101tie autoce\u013cu posmi<\/p>\n<p>Saska\u0146\u0101 ar sniegto inform\u0101ciju, apgr\u016btin\u0101ta brauk\u0161ana nov\u0113rojama vair\u0101kos galvenajos autoce\u013cos. Tas attiecas uz Daugavpils \u0161osejas (A6) posmu no N\u012bcgales l\u012bdz Izvaldai, R\u0113zeknes \u0161osejas (A12) posmu no R\u0113zeknes l\u012bdz Stolbovkai, k\u0101 ar\u012b autoce\u013ca Krievijas robe\u017ea (Greb\u0146eva) &#8211; R\u0113zekne &#8211; Daugavpils &#8211; Lietuvas robe\u017ea (A13) posm\u0101 no B\u0113rzgales l\u012bdz Medumiem. T\u0101pat apgr\u016btin\u0101jumi ir uz Daugavpils apvedce\u013ca (A14) un R\u0113zeknes apvedce\u013ca (A15). Uz re\u0123ion\u0101lajiem autoce\u013ciem satiksme ir apgr\u016btin\u0101ta Ventspils, Liep\u0101jas, Talsu, Saldus, Bauskas, Gulbenes, Prei\u013cu, R\u0113zeknes un Daugavpils apk\u0101rtn\u0113.<\/p>\n<p>Ieteikumi autovad\u012bt\u0101jiem<\/p>\n<p>Autovad\u012bt\u0101ji tiek aicin\u0101ti b\u016bt \u012bpa\u0161i uzman\u012bgiem un pl\u0101not savus braucienus, paredzot papildu laiku ce\u013c\u0101. Svar\u012bgi ir izv\u0113l\u0113ties brauk\u0161anas \u0101trumu, kas atbilst ce\u013ca seguma st\u0101voklim, k\u0101 ar\u012b iev\u0113rot dro\u0161u distanci starp transportl\u012bdzek\u013ciem. \u0100r\u0101 valdo\u0161ais sals var mazin\u0101t pretsl\u012bdes materi\u0101lu iedarb\u012bbu uz apledojumu, t\u0101p\u0113c ir nepiecie\u0161ama papildu piesardz\u012bba.<\/p>\n<p>Ziemas dienesta darbu organiz\u0101cija<\/p>\n<p>Lai uzlabotu brauk\u0161anas apst\u0101k\u013cus, ce\u013cu uztur\u0113\u0161anas darbos ir iesaist\u012btas vair\u0101kas ziemas dienesta tehnikas vien\u012bbas. Konkr\u0113tais vien\u012bbu skaits var at\u0161\u0137irties atkar\u012bb\u0101 no re\u0123iona un intensit\u0101tes, ta\u010du m\u0113r\u0137is ir nodro\u0161in\u0101t p\u0113c iesp\u0113jas dro\u0161\u0101kus ce\u013cus. Lai uzzin\u0101tu aktu\u0101lo inform\u0101ciju par ce\u013cu st\u0101vokli, autovad\u012bt\u0101ji var apmekl\u0113t VSIA &#8220;Latvijas Valsts ce\u013ci&#8221; m\u0101jaslapu www.lvceli.lv vai zvan\u012bt uz diennakts bezmaksas informat\u012bvo t\u0101lruni 80005555.<\/p>\n<p>Laika apst\u0101k\u013cu prognoze<\/p>\n<p>Meteorolo\u0123isk\u0101s prognozes liecina, ka aukstums Latvij\u0101 turpin\u0101sies, viet\u0101m nakt\u012bs temperat\u016brai pazeminoties l\u012bdz pat -14 gr\u0101diem p\u0113c Celsija, \u012bpa\u0161i valsts austrumu da\u013c\u0101. Dienas laik\u0101 temperat\u016bra gaid\u0101ma no aptuveni -2 gr\u0101diem j\u016bras piekrast\u0113 l\u012bdz -13 gr\u0101diem austrumos. Viet\u0101m, galvenok\u0101rt centr\u0101lajos un austrumu novados, gaid\u0101ma neliela snig\u0161ana, kas var pasliktin\u0101t redzam\u012bbu un rad\u012bt papildu slidenumu.<\/p>\n","protected":false},"excerpt":{"rendered":"Sare\u017e\u0123\u012bti brauk\u0161anas apst\u0101k\u013ci vair\u0101k\u0101s viet\u0101s Latvij\u0101 Tre\u0161dienas, 15. janv\u0101ra, r\u012bt\u0101 Latvijas autoce\u013ci daudzviet ir sniegoti un apledoju\u0161i, radot&hellip;\n","protected":false},"author":2,"featured_media":105106,"comment_status":"","ping_status":"","sticky":false,"template":"","format":"standard","meta":{"footnotes":""},"categories":[5],"tags":[5869,23,14937,1399,14093,28,29,32,33,22,30,31,35,39,38,36,37,34,2857,40,20,26,27,24,25,21],"class_list":{"0":"post-105105","1":"post","2":"type-post","3":"status-publish","4":"format-standard","5":"has-post-thumbnail","7":"category-aktualitates","8":"tag-ziema","9":"tag-aktualitates","10":"tag-apledojums","11":"tag-autoceli","12":"tag-brauksanas-apstakli","13":"tag-breaking-news","14":"tag-breakingnews","15":"tag-featured-news","16":"tag-featurednews","17":"tag-headlines","18":"tag-latest-news","19":"tag-latestnews","20":"tag-latvia","21":"tag-latvian","22":"tag-latviesu","23":"tag-latviesu-valoda","24":"tag-latviesuvaloda","25":"tag-latvija","26":"tag-latvijas-valsts-celi","27":"tag-lv","28":"tag-news","29":"tag-popularakas-zinas","30":"tag-popularakaszinas","31":"tag-top-stories","32":"tag-topstories","33":"tag-zinas"},"share_on_mastodon":{"url":"https:\/\/pubeurope.com\/@lv\/115897809204070859","error":""},"_links":{"self":[{"href":"https:\/\/www.europesays.com\/lv\/wp-json\/wp\/v2\/posts\/105105","targetHints":{"allow":["GET"]}}],"collection":[{"href":"https:\/\/www.europesays.com\/lv\/wp-json\/wp\/v2\/posts"}],"about":[{"href":"https:\/\/www.europesays.com\/lv\/wp-json\/wp\/v2\/types\/post"}],"author":[{"embeddable":true,"href":"https:\/\/www.europesays.com\/lv\/wp-json\/wp\/v2\/users\/2"}],"replies":[{"embeddable":true,"href":"https:\/\/www.europesays.com\/lv\/wp-json\/wp\/v2\/comments?post=105105"}],"version-history":[{"count":0,"href":"https:\/\/www.europesays.com\/lv\/wp-json\/wp\/v2\/posts\/105105\/revisions"}],"wp:featuredmedia":[{"embeddable":true,"href":"https:\/\/www.europesays.com\/lv\/wp-json\/wp\/v2\/media\/105106"}],"wp:attachment":[{"href":"https:\/\/www.europesays.com\/lv\/wp-json\/wp\/v2\/media?parent=105105"}],"wp:term":[{"taxonomy":"category","embeddable":true,"href":"https:\/\/www.europesays.com\/lv\/wp-json\/wp\/v2\/categories?post=105105"},{"taxonomy":"post_tag","embeddable":true,"href":"https:\/\/www.europesays.com\/lv\/wp-json\/wp\/v2\/tags?post=105105"}],"curies":[{"name":"wp","href":"https:\/\/api.w.org\/{rel}","templated":true}]}}