{"id":105108,"date":"2026-01-15T06:59:28","date_gmt":"2026-01-15T06:59:28","guid":{"rendered":"https:\/\/www.europesays.com\/lv\/105108\/"},"modified":"2026-01-15T06:59:28","modified_gmt":"2026-01-15T06:59:28","slug":"francija-lauksaimnieki-proteste-pret-es-un-mercosur-ligumu","status":"publish","type":"post","link":"https:\/\/www.europesays.com\/lv\/105108\/","title":{"rendered":"Francij\u0101 lauksaimnieki protest\u0113 pret ES un \u00abMercosur\u00bb l\u012bgumu"},"content":{"rendered":"<p>Lauksaimnieki ar desmitiem traktoru otrdien ieradu\u0161ies Par\u012bz\u0113, lai protest\u0113tu pret Eiropas Savien\u012bbas (ES) br\u012bv\u0101s tirdzniec\u012bbas l\u012bgumu ar Dienvidamerikas valstu apvien\u012bbu &#8220;Mercosur&#8221;.<\/p>\n<p>Piekr\u012btot vair\u0101kumam dal\u012bbvalstu, ES pag\u0101ju\u0161aj\u0101 ned\u0113\u013c\u0101 atbalst\u012bja 25 gadus gatavoto nol\u012bgumu, ko pl\u0101nots parakst\u012bt sestdien.<\/p>\n<p>Ar \u0161o vieno\u0161anos starp ES un Braz\u012bliju, Argent\u012bnu, Urugvaju un Paragvaju tiks izveidota viena no pasaul\u0113 liel\u0101kaj\u0101m br\u012bv\u0101s tirdzniec\u012bbas zon\u0101m, un tas \u013caus ES eksport\u0113t vair\u0101k automa\u0161\u012bnu, tehnikas un alkoholisko dz\u0113rienu uz Lat\u012b\u0146ameriku. Vieno\u0161anos atbalsta uz\u0146\u0113m\u0113ji, ta\u010du lauksaimnieki Francij\u0101 un vair\u0101k\u0101s cit\u0101s ES valst\u012bs to kritiz\u0113, jo ba\u017e\u012bjas, ka vi\u0146u darb\u012bbai var\u0113tu kait\u0113t l\u0113t\u0101ku p\u0101rtikas pre\u010du iepl\u016b\u0161ana no Braz\u012blijas un t\u0101s kaimi\u0146valst\u012bm.<\/p>\n<p>Ned\u0113\u013cas nogal\u0113 Francij\u0101 un \u012arij\u0101 protest\u0113ja t\u016bksto\u0161iem lauksaimnieku, un sagaid\u0101ms, ka \u0161odien lauksaimnieki ar aptuveni 300 traktoriem turpin\u0101s protestus Par\u012bz\u0113.<\/p>\n<p>Ap plkst. 7 (plkst. 8 p\u0113c Latvijas laika) Par\u012bz\u0113 bija iebrauku\u0161i jau aptuveni 150 traktori, ko pavada policija. Paredzams, ka traktori p\u0101rvietosies pa galvenaj\u0101m galvaspils\u0113tas iel\u0101m, tostarp Elizejas laukiem.<\/p>\n<p>\n                            Valodas k\u013c\u016bda rakst\u0101?<br \/>Iez\u012bm\u0113jiet tekstu un spiediet Zi\u0146ot par k\u013c\u016bdu pogas   , lai nos\u016bt\u012btu labojamo teksta fragmentu redaktoram!<\/p>\n<p>                                Zi\u0146ot par k\u013c\u016bdu<\/p>\n","protected":false},"excerpt":{"rendered":"Lauksaimnieki ar desmitiem traktoru otrdien ieradu\u0161ies Par\u012bz\u0113, lai protest\u0113tu pret Eiropas Savien\u012bbas (ES) br\u012bv\u0101s tirdzniec\u012bbas l\u012bgumu ar Dienvidamerikas&hellip;\n","protected":false},"author":2,"featured_media":105109,"comment_status":"","ping_status":"","sticky":false,"template":"","format":"standard","meta":{"footnotes":""},"categories":[14],"tags":[23,57,28,29,32,33,22,30,31,35,39,38,36,37,34,40,20,26,27,24,25,54,55,56,21,58],"class_list":{"0":"post-105108","1":"post","2":"type-post","3":"status-publish","4":"format-standard","5":"has-post-thumbnail","7":"category-zinas-no-arvalstim","8":"tag-aktualitates","9":"tag-arvalstim","10":"tag-breaking-news","11":"tag-breakingnews","12":"tag-featured-news","13":"tag-featurednews","14":"tag-headlines","15":"tag-latest-news","16":"tag-latestnews","17":"tag-latvia","18":"tag-latvian","19":"tag-latviesu","20":"tag-latviesu-valoda","21":"tag-latviesuvaloda","22":"tag-latvija","23":"tag-lv","24":"tag-news","25":"tag-popularakas-zinas","26":"tag-popularakaszinas","27":"tag-top-stories","28":"tag-topstories","29":"tag-world","30":"tag-world-news","31":"tag-worldnews","32":"tag-zinas","33":"tag-zinas-no-arvalstim"},"share_on_mastodon":{"url":"https:\/\/pubeurope.com\/@lv\/115897824922467092","error":""},"_links":{"self":[{"href":"https:\/\/www.europesays.com\/lv\/wp-json\/wp\/v2\/posts\/105108","targetHints":{"allow":["GET"]}}],"collection":[{"href":"https:\/\/www.europesays.com\/lv\/wp-json\/wp\/v2\/posts"}],"about":[{"href":"https:\/\/www.europesays.com\/lv\/wp-json\/wp\/v2\/types\/post"}],"author":[{"embeddable":true,"href":"https:\/\/www.europesays.com\/lv\/wp-json\/wp\/v2\/users\/2"}],"replies":[{"embeddable":true,"href":"https:\/\/www.europesays.com\/lv\/wp-json\/wp\/v2\/comments?post=105108"}],"version-history":[{"count":0,"href":"https:\/\/www.europesays.com\/lv\/wp-json\/wp\/v2\/posts\/105108\/revisions"}],"wp:featuredmedia":[{"embeddable":true,"href":"https:\/\/www.europesays.com\/lv\/wp-json\/wp\/v2\/media\/105109"}],"wp:attachment":[{"href":"https:\/\/www.europesays.com\/lv\/wp-json\/wp\/v2\/media?parent=105108"}],"wp:term":[{"taxonomy":"category","embeddable":true,"href":"https:\/\/www.europesays.com\/lv\/wp-json\/wp\/v2\/categories?post=105108"},{"taxonomy":"post_tag","embeddable":true,"href":"https:\/\/www.europesays.com\/lv\/wp-json\/wp\/v2\/tags?post=105108"}],"curies":[{"name":"wp","href":"https:\/\/api.w.org\/{rel}","templated":true}]}}