{"id":105110,"date":"2026-01-15T07:03:08","date_gmt":"2026-01-15T07:03:08","guid":{"rendered":"https:\/\/www.europesays.com\/lv\/105110\/"},"modified":"2026-01-15T07:03:08","modified_gmt":"2026-01-15T07:03:08","slug":"australian-open-izloze-ostapenko-tiek-pie-slovakietes-semenistaja-pret-cehieti-teniss-sportacentrs-com","status":"publish","type":"post","link":"https:\/\/www.europesays.com\/lv\/105110\/","title":{"rendered":"&#8220;Australian Open&#8221; izloz\u0113 Ostapenko tiek pie slov\u0101kietes, Seme\u0146istaja pret \u010dehieti \u2013 Teniss \u2013 Sportacentrs.com"},"content":{"rendered":"<p>Izloz\u0113 noskaidroj\u0101s, ka turn\u012bra 24. numurs <a href=\"https:\/\/sportacentrs.com\/teniss\/jelena_ostapenko\" target=\"_blank\" rel=\"nofollow noopener\">A\u013cona Ostapenko<\/a> (patlaban #24) vispirms c\u012bn\u012bsies pret slov\u0101kieti Rebeku \u0160ramkovu (\u0161obr\u012bd #72), pret kuru savstarp\u0113j\u0101s sp\u0113l\u0113s ir 3-1. Latvijas tenisiste sakr\u0101jusi se\u0161us zaud\u0113jumus p\u0113c k\u0101rtas un p\u0113d\u0113joreiz uzvar\u0113ja august\u0101, savuk\u0101rt slov\u0101kietei \u0161ogad ir 3-2.<\/p>\n<p>Ja izdosies tikt otraj\u0101 k\u0101rt\u0101, tad tur pret\u012b st\u0101sies \u0137\u012bniete Sji\u0146ju Vana (#43) vai kvalifik\u0101cijas veiksminiece. Tre\u0161aj\u0101 k\u0101rt\u0101 iesp\u0113jama Latvijas sp\u0113l\u0113t\u0101ju tik\u0161an\u0101s, bet uz astotda\u013cfin\u0101lu re\u0101l\u0101k\u0101 pretendente ir amerik\u0101niete Amanda A\u0146isimova (#4).<\/p>\n<p>&#8220;Australian Open&#8221; pamatturn\u012br\u0101 Latvijas otr\u0101 rakete Darja Seme\u0146istaja (\u0161obr\u012bd #96) debit\u0113s ar sp\u0113li pret \u010dehieti Lindu Noskovu (patlaban #13). M\u016bsu tenisiste pirmoreiz c\u012bn\u012bsies pret &#8220;top 20&#8221; tenisisti.<\/p>\n<p><img decoding=\"async\" src=\"https:\/\/www.europesays.com\/lv\/wp-content\/uploads\/2026\/01\/8383_australian_open_draw_24642.jpg\" class=\"img-fluid\"\/><\/p>\n<p><a href=\"https:\/\/sportacentrs.com\/teniss\/13012026-australian_open_pirmaja_karta_sevastova\" target=\"_blank\" rel=\"nofollow noopener\">K\u0101 jau zi\u0146ots<\/a>, Latvijas tenisa eksl\u012bdere Anastasija Sevastova (#185) \u0161oned\u0113\u013c nep\u0101rvar\u0113ja kvalifik\u0101cijas pirmo k\u0101rtu.<\/p>\n<p>\u0160or\u012bt nosl\u0113dzas &#8220;Australian Open&#8221; kvalifik\u0101cija, savuk\u0101rt 18. janv\u0101r\u012b s\u0101ksies gada pirm\u0101 &#8220;Grand Slam&#8221; pamatturn\u012brs.<\/p>\n<p>Izmantotie resursi:<br \/><a href=\"https:\/\/ausopen.com\/draws#!womens-singles\" target=\"_blank\" rel=\"nofollow noopener\">ausopen.com<\/a><\/p>\n","protected":false},"excerpt":{"rendered":"Izloz\u0113 noskaidroj\u0101s, ka turn\u012bra 24. numurs A\u013cona Ostapenko (patlaban #24) vispirms c\u012bn\u012bsies pret slov\u0101kieti Rebeku \u0160ramkovu (\u0161obr\u012bd #72),&hellip;\n","protected":false},"author":2,"featured_media":101027,"comment_status":"","ping_status":"","sticky":false,"template":"","format":"standard","meta":{"footnotes":""},"categories":[17],"tags":[35,39,38,36,37,34,40,67,683],"class_list":{"0":"post-105110","1":"post","2":"type-post","3":"status-publish","4":"format-standard","5":"has-post-thumbnail","7":"category-sports","8":"tag-latvia","9":"tag-latvian","10":"tag-latviesu","11":"tag-latviesu-valoda","12":"tag-latviesuvaloda","13":"tag-latvija","14":"tag-lv","15":"tag-sports","16":"tag-teniss"},"share_on_mastodon":{"url":"https:\/\/pubeurope.com\/@lv\/115897840609109662","error":""},"_links":{"self":[{"href":"https:\/\/www.europesays.com\/lv\/wp-json\/wp\/v2\/posts\/105110","targetHints":{"allow":["GET"]}}],"collection":[{"href":"https:\/\/www.europesays.com\/lv\/wp-json\/wp\/v2\/posts"}],"about":[{"href":"https:\/\/www.europesays.com\/lv\/wp-json\/wp\/v2\/types\/post"}],"author":[{"embeddable":true,"href":"https:\/\/www.europesays.com\/lv\/wp-json\/wp\/v2\/users\/2"}],"replies":[{"embeddable":true,"href":"https:\/\/www.europesays.com\/lv\/wp-json\/wp\/v2\/comments?post=105110"}],"version-history":[{"count":0,"href":"https:\/\/www.europesays.com\/lv\/wp-json\/wp\/v2\/posts\/105110\/revisions"}],"wp:featuredmedia":[{"embeddable":true,"href":"https:\/\/www.europesays.com\/lv\/wp-json\/wp\/v2\/media\/101027"}],"wp:attachment":[{"href":"https:\/\/www.europesays.com\/lv\/wp-json\/wp\/v2\/media?parent=105110"}],"wp:term":[{"taxonomy":"category","embeddable":true,"href":"https:\/\/www.europesays.com\/lv\/wp-json\/wp\/v2\/categories?post=105110"},{"taxonomy":"post_tag","embeddable":true,"href":"https:\/\/www.europesays.com\/lv\/wp-json\/wp\/v2\/tags?post=105110"}],"curies":[{"name":"wp","href":"https:\/\/api.w.org\/{rel}","templated":true}]}}