{"id":105111,"date":"2026-01-15T07:06:09","date_gmt":"2026-01-15T07:06:09","guid":{"rendered":"https:\/\/www.europesays.com\/lv\/105111\/"},"modified":"2026-01-15T07:06:09","modified_gmt":"2026-01-15T07:06:09","slug":"facebook-izplatas-viltus-zinas-par-nesen-aizsaule-aizgajusajiem","status":"publish","type":"post","link":"https:\/\/www.europesays.com\/lv\/105111\/","title":{"rendered":"\u201cFacebook\u201d izplat\u0101s viltus zi\u0146as par nesen aizsaul\u0113 aizg\u0101ju\u0161ajiem"},"content":{"rendered":"<p>1) \u00a0 \u00a0ja zi\u0146u vietnes v\u0113st\u012bjums rada aizdomas, ieteicams iedzi\u013cin\u0101ties noform\u0113jum\u0101. Visticam\u0101k, b\u016bs virkne nev\u012b\u017e\u012bbu, kas, pie padzi\u013cin\u0101tas izp\u0113tes, \u013caus saprast, ka apl\u016bkojat viltus lapu.<br \/>&#13;<br \/>\n2) \u00a0 \u00a0ir liela varb\u016bt\u012bba, ka ar \u012bsto zi\u0146u vietni nesakrit\u012bs ar\u012b izmantotie fonti un teksta izk\u0101rtojums<br \/>&#13;<br \/>\n3) \u00a0 \u00a0pavisam noteikti ar\u012b dom\u0113ns, kur\u0101 redzama viltus zi\u0146a b\u016bs cits \u2013 nevis www.jauns.lv, bet gan sp***y.com, k\u0101 \u0161aj\u0101 gad\u012bjum\u0101. Ja it k\u0101 \u012bstais dom\u0113ns ir redzams fotoatt\u0113l\u0101 (k\u0101 gad\u012bjum\u0101 ar Noru Ikstenu), ieteicams pa\u0161am doties uz \u012bsto zi\u0146u vietni un p\u0101rliecin\u0101ties, vai tur \u0161\u0101ds materi\u0101ls tie\u0161\u0101m ir.<br \/>&#13;<br \/>\n4) \u00a0 \u00a0l\u012bdz galam saprast to, ka gad\u012bjies non\u0101kt kr\u0101pnieku m\u0101jaslap\u0101 pal\u012bdz\u0113s \u012bst\u0101s vietnes apmekl\u0113\u0161ana un tur redzam\u0101 sal\u012bdzin\u0101\u0161ana ar aizdom\u012bgo avotu<br \/>&#13;<br \/>\n5) \u00a0 \u00a0kr\u0101pniec\u012bbas gad\u012bjum\u0101 aicin\u0101m dro\u0161i zi\u0146ot uz: jauns@jauns.lv un pateicamies visiem tiem, kuru zi\u0146ojums jau esam sa\u0146\u0113mu\u0161i. Tie jau ir pal\u012bdz\u0113ju\u0161i efekt\u012bvi v\u0113rsties pret bl\u0113\u017eiem internet\u0101!<\/p>\n","protected":false},"excerpt":{"rendered":"1) \u00a0 \u00a0ja zi\u0146u vietnes v\u0113st\u012bjums rada aizdomas, ieteicams iedzi\u013cin\u0101ties noform\u0113jum\u0101. Visticam\u0101k, b\u016bs virkne nev\u012b\u017e\u012bbu, kas, pie padzi\u013cin\u0101tas&hellip;\n","protected":false},"author":2,"featured_media":105112,"comment_status":"","ping_status":"","sticky":false,"template":"","format":"standard","meta":{"footnotes":""},"categories":[12],"tags":[23,28,29,32,33,22,30,31,35,39,38,36,37,34,40,20,26,27,24,25,21],"class_list":{"0":"post-105111","1":"post","2":"type-post","3":"status-publish","4":"format-standard","5":"has-post-thumbnail","7":"category-latvija","8":"tag-aktualitates","9":"tag-breaking-news","10":"tag-breakingnews","11":"tag-featured-news","12":"tag-featurednews","13":"tag-headlines","14":"tag-latest-news","15":"tag-latestnews","16":"tag-latvia","17":"tag-latvian","18":"tag-latviesu","19":"tag-latviesu-valoda","20":"tag-latviesuvaloda","21":"tag-latvija","22":"tag-lv","23":"tag-news","24":"tag-popularakas-zinas","25":"tag-popularakaszinas","26":"tag-top-stories","27":"tag-topstories","28":"tag-zinas"},"share_on_mastodon":{"url":"https:\/\/pubeurope.com\/@lv\/115897852383835464","error":""},"_links":{"self":[{"href":"https:\/\/www.europesays.com\/lv\/wp-json\/wp\/v2\/posts\/105111","targetHints":{"allow":["GET"]}}],"collection":[{"href":"https:\/\/www.europesays.com\/lv\/wp-json\/wp\/v2\/posts"}],"about":[{"href":"https:\/\/www.europesays.com\/lv\/wp-json\/wp\/v2\/types\/post"}],"author":[{"embeddable":true,"href":"https:\/\/www.europesays.com\/lv\/wp-json\/wp\/v2\/users\/2"}],"replies":[{"embeddable":true,"href":"https:\/\/www.europesays.com\/lv\/wp-json\/wp\/v2\/comments?post=105111"}],"version-history":[{"count":0,"href":"https:\/\/www.europesays.com\/lv\/wp-json\/wp\/v2\/posts\/105111\/revisions"}],"wp:featuredmedia":[{"embeddable":true,"href":"https:\/\/www.europesays.com\/lv\/wp-json\/wp\/v2\/media\/105112"}],"wp:attachment":[{"href":"https:\/\/www.europesays.com\/lv\/wp-json\/wp\/v2\/media?parent=105111"}],"wp:term":[{"taxonomy":"category","embeddable":true,"href":"https:\/\/www.europesays.com\/lv\/wp-json\/wp\/v2\/categories?post=105111"},{"taxonomy":"post_tag","embeddable":true,"href":"https:\/\/www.europesays.com\/lv\/wp-json\/wp\/v2\/tags?post=105111"}],"curies":[{"name":"wp","href":"https:\/\/api.w.org\/{rel}","templated":true}]}}