{"id":105119,"date":"2026-01-15T07:20:19","date_gmt":"2026-01-15T07:20:19","guid":{"rendered":"https:\/\/www.europesays.com\/lv\/105119\/"},"modified":"2026-01-15T07:20:19","modified_gmt":"2026-01-15T07:20:19","slug":"mana-diena-vel-ir-prieksa-maija-doveika-atklaj-savu-kluso-sievietes-sapni-santa","status":"publish","type":"post","link":"https:\/\/www.europesays.com\/lv\/105119\/","title":{"rendered":"\u00abMana diena v\u0113l ir priek\u0161\u0101\u00bb \u2013 Maija Doveika atkl\u0101j savu kluso sievietes sapni \u2014 Santa"},"content":{"rendered":"<p>Izcil\u0101 skatuves m\u0101ksliniece jau ir mamma 16 gadus vecajam P\u0101vilam Andresam, ta\u010du Doveika atz\u012bst \u2013 lai justos piepild\u012bta, vi\u0146a v\u0113l\u0113tos v\u0113l k\u0101du atvasi.<\/p>\n<p>\u00abMan ir k\u0101di vienk\u0101r\u0161i sap\u0146i, no kuriem sav\u0101 vecum\u0101 esmu m\u0113\u0123in\u0101jusi aiziet proj\u0101m ar sp\u0113ku, neskait\u0101mas reizes atmest, bet vienm\u0113r esmu non\u0101kusi atpaka\u013c. Piem\u0113ram, es grib\u0113tu v\u0113l k\u0101du b\u0113rnu. Bet b\u0113rns ir vesela pasaule, vi\u0146am vajag \u0123imeni\u202f\u2013 k\u0101 cilv\u0113ks, kas gadiem audzin\u0101jis savu b\u0113rnu viens, to labi saprotu,\u00bb atkl\u0101ta ir Maija.\u00a0<\/p>\n<p>\u00abK\u0101ds cilv\u0113ks nesen publiski par mani teica: \u00abTu esi r\u012bts!\u00bb Tas ir tad, kad diena v\u0113l ir priek\u0161\u0101. Mana diena v\u0113l ir priek\u0161\u0101. Tas \u013coti norezon\u0113ja man\u012b\u202f\u2013 man visas liel\u0101s lietas v\u0113l tikai priek\u0161\u0101. Varb\u016bt ne k\u0101 aktrisei, bet k\u0101 sievietei\u202f\u2013 piln\u012bgi noteikti,\u00bb vi\u0146a saka.<\/p>\n<p>Intervij\u0101 \u017eurn\u0101listei Inetai Meimanei 45 gadus vec\u0101 m\u0101ksliniece ar\u012bdzan atkl\u0101j, k\u0101da bija vi\u0146as kopdz\u012bve\u00a0ar P\u0101vila t\u0113vu, saucot lietas to \u012bstajos v\u0101rdos.\u00a0Maija ir atkl\u0101ta: &#8220;M\u012blest\u012bbas un laul\u012bbas zi\u0146\u0101 mums g\u0101ja s\u016bd\u012bgi\u00bb .\u00a0<\/p>\n<p>Pilna intervija ar aktrisi las\u0101ma \u0161eit:\u00a0<\/p>\n<p>    <img decoding=\"async\" src=\"https:\/\/www.santa.lv\/assets\/logo\/santa-plus-logo.svg\" alt=\"Santa+\" class=\"thumbnail__splus no-convert\"\/><img decoding=\"async\" class=\"no-convert\" alt=\"\" data-init=\"lazy-image\" src=\"https:\/\/www.europesays.com\/lv\/wp-content\/uploads\/2026\/01\/348505794f56.jpg\"\/><a target=\"_self\" href=\"https:\/\/www.santa.lv\/plus\/raksts\/personibas\/es-neesmu-bijusi-sveta.-maija-doveika-atklati-par-dzivi-bez-filtra-atkaribam-un-deribu-ar-dievu-79746\/\" aria-label=\"\u00abEs neesmu bijusi sv\u0113t\u0101.\u00bb Maija Doveika atkl\u0101ti par dz\u012bvi bez filtra, atkar\u012bb\u0101m un der\u012bbu ar Dievu\" rel=\"nofollow noopener\"><a class=\"thumbnail__title\" target=\"_self\" href=\"https:\/\/www.santa.lv\/plus\/raksts\/personibas\/es-neesmu-bijusi-sveta.-maija-doveika-atklati-par-dzivi-bez-filtra-atkaribam-un-deribu-ar-dievu-79746\/\" aria-label=\"\u00abEs neesmu bijusi sv\u0113t\u0101.\u00bb Maija Doveika atkl\u0101ti par dz\u012bvi bez filtra, atkar\u012bb\u0101m un der\u012bbu ar Dievu\" rel=\"nofollow noopener\">\u00abEs neesmu bijusi sv\u0113t\u0101.\u00bb Maija Doveika atkl\u0101ti par dz\u012bvi bez filtra, atkar\u012bb\u0101m un der\u012bbu ar Dievu <\/a><\/p>\n<p>\u00a0<\/p>\n<p>P\u0101vila t\u0113vs ir \u010d\u012blietis, perkusiju skolas\u00a0Te Toka\u00a0vad\u012bt\u0101js Migels Andress Ernandess-Hiraldi, kur\u0161 jau vair\u0101k nek\u0101 16\u00a0gadu par m\u0101j\u0101m sauc Latviju. 2005. gad\u0101\u00a0savas dz\u012bves mekl\u0113jumos Maija pameta aktrises karjeru un dev\u0101s uz Argent\u012bnas galvaspils\u0113tu Buenosairesu, lai m\u0101c\u012btos Kristus M\u0101cek\u013cu skol\u0101. Tie\u0161i tur vi\u0146a iepazin\u0101s ar Migelu, kur\u0161 skol\u0101 str\u0101d\u0101ja par vienu no jaunie\u0161u l\u012bderiem.<\/p>\n<p>2007. gada 30. mart\u0101 Argent\u012bn\u0101 Maija un Migels mija laul\u012bbas gredzenus, bet dr\u012bz vien abi p\u0101rc\u0113l\u0101s uz dz\u012bvi Latvij\u0101, kur pasaul\u0113 n\u0101ca P\u0101vils Andress. Lai gan Maija un Migels laul\u012bbu \u0161\u0137\u012bru\u0161i jau sen, d\u0113lam ir lieliskas <a data-id=\"190\" href=\"https:\/\/www.santa.lv\/tema\/190\/attiecibas?utm_source=internal&amp;utm_medium=article&amp;utm_campaign=theme_link\" target=\"_blank\" rel=\"nofollow noopener\">attiec\u012bbas<\/a> ar abiem vec\u0101kiem.\u00a0<\/p>\n<p>        <img decoding=\"async\" class=\"no-convert\" alt=\"\" data-init=\"lazy-image\" src=\"https:\/\/www.europesays.com\/lv\/wp-content\/uploads\/2026\/01\/9ee6bf29a059.jpg\"\/><a target=\"_self\" href=\"https:\/\/www.santa.lv\/raksts\/personibas\/foto-dejas-prieka-asaras-un-liksmiba-_spelmanu-nakts_-aizkulises-79094\/\" aria-label=\"FOTO: &lt;strong&gt;Dejas, prieka asaras un l\u012bksm\u012bba&lt;\/strong&gt;: &lt;em&gt;Sp\u0113lma\u0146u nakts&lt;\/em&gt; aizkulises\" rel=\"nofollow noopener\"><\/p>\n<p>Marta Kalni\u0146a<\/p>\n<p><img decoding=\"async\" class=\"no-convert\" alt=\"\" data-init=\"lazy-image\" src=\"https:\/\/www.europesays.com\/lv\/wp-content\/uploads\/2026\/01\/49b03926a345.jpg\"\/><a target=\"_self\" href=\"https:\/\/www.santa.lv\/raksts\/personibas\/ta-bija-satriecosa-situacija-doveika-izrades-laika-piedzivo-baisu-negadijumu-80038\/\" aria-label=\"\u00abT\u0101 bija satrieco\u0161a situ\u0101cija\u2026\u00bb Doveika izr\u0101des laik\u0101 piedz\u012bvo baisu negad\u012bjumu\" rel=\"nofollow noopener\"><img decoding=\"async\" class=\"no-convert\" alt=\"\" data-init=\"lazy-image\" src=\"https:\/\/www.europesays.com\/lv\/wp-content\/uploads\/2026\/01\/52de49ff64a1.jpg\"\/><a target=\"_self\" href=\"https:\/\/www.santa.lv\/raksts\/personibas\/maija-doveika-atklaj-savas-zilbinosas-kleitas-noslepumu-79435\/\" aria-label=\"Maija Doveika atkl\u0101j savas \u017eilbino\u0161\u0101s kleitas nosl\u0113pumu\" rel=\"nofollow noopener\"><\/p>\n<p>Evija Kalnb\u0113rza<\/p>\n<p>\u00a0<\/p>\n<p>\u00a0<\/p>\n","protected":false},"excerpt":{"rendered":"Izcil\u0101 skatuves m\u0101ksliniece jau ir mamma 16 gadus vecajam P\u0101vilam Andresam, ta\u010du Doveika atz\u012bst \u2013 lai justos piepild\u012bta,&hellip;\n","protected":false},"author":2,"featured_media":105120,"comment_status":"","ping_status":"","sticky":false,"template":"","format":"standard","meta":{"footnotes":""},"categories":[19],"tags":[89,90,35,39,38,36,37,34,40],"class_list":{"0":"post-105119","1":"post","2":"type-post","3":"status-publish","4":"format-standard","5":"has-post-thumbnail","7":"category-izklaide","8":"tag-entertainment","9":"tag-izklaide","10":"tag-latvia","11":"tag-latvian","12":"tag-latviesu","13":"tag-latviesu-valoda","14":"tag-latviesuvaloda","15":"tag-latvija","16":"tag-lv"},"share_on_mastodon":{"url":"https:\/\/pubeurope.com\/@lv\/115897907547386194","error":""},"_links":{"self":[{"href":"https:\/\/www.europesays.com\/lv\/wp-json\/wp\/v2\/posts\/105119","targetHints":{"allow":["GET"]}}],"collection":[{"href":"https:\/\/www.europesays.com\/lv\/wp-json\/wp\/v2\/posts"}],"about":[{"href":"https:\/\/www.europesays.com\/lv\/wp-json\/wp\/v2\/types\/post"}],"author":[{"embeddable":true,"href":"https:\/\/www.europesays.com\/lv\/wp-json\/wp\/v2\/users\/2"}],"replies":[{"embeddable":true,"href":"https:\/\/www.europesays.com\/lv\/wp-json\/wp\/v2\/comments?post=105119"}],"version-history":[{"count":0,"href":"https:\/\/www.europesays.com\/lv\/wp-json\/wp\/v2\/posts\/105119\/revisions"}],"wp:featuredmedia":[{"embeddable":true,"href":"https:\/\/www.europesays.com\/lv\/wp-json\/wp\/v2\/media\/105120"}],"wp:attachment":[{"href":"https:\/\/www.europesays.com\/lv\/wp-json\/wp\/v2\/media?parent=105119"}],"wp:term":[{"taxonomy":"category","embeddable":true,"href":"https:\/\/www.europesays.com\/lv\/wp-json\/wp\/v2\/categories?post=105119"},{"taxonomy":"post_tag","embeddable":true,"href":"https:\/\/www.europesays.com\/lv\/wp-json\/wp\/v2\/tags?post=105119"}],"curies":[{"name":"wp","href":"https:\/\/api.w.org\/{rel}","templated":true}]}}