{"id":105125,"date":"2026-01-15T07:24:08","date_gmt":"2026-01-15T07:24:08","guid":{"rendered":"https:\/\/www.europesays.com\/lv\/105125\/"},"modified":"2026-01-15T07:24:08","modified_gmt":"2026-01-15T07:24:08","slug":"valmieras-muzeja-notiks-sarunu-un-dziesmu-vakars-barikazu-laiks-kopa","status":"publish","type":"post","link":"https:\/\/www.europesays.com\/lv\/105125\/","title":{"rendered":"Valmieras muzej\u0101 notiks sarunu un dziesmu vakars \u201cBarik\u0101\u017eu laiks. KOP\u0100\u201d"},"content":{"rendered":"<p>22. janv\u0101r\u012b plkst. 17.00 visi m\u012b\u013ci aicin\u0101ti piedal\u012bties sarunu un dziesmu vakar\u0101 \u201cBarik\u0101\u017eu laiks. KOP\u0100\u201d Valmieras muzeja ekspoz\u012bcijas \u201cde Woldemer\u201d m\u0101c\u012bbu telp\u0101.<\/p>\n<p>Atcer\u0113simies t\u0101 laika notikumus, politiku, sadz\u012bvi, dziesmas, ko dzied\u0101j\u0101m kop\u0101. Aicin\u0101m n\u0101kt ar sav\u0101m sviestmaiz\u0113m, p\u012br\u0101dzi\u0146iem, atminoties to \u012bpa\u0161o saj\u016btu, kad bij\u0101m gatavi dal\u012bties it vis\u0101 \u2013 gan dieni\u0161\u0137aj\u0101 maiz\u012bt\u0113, gan tautas likte\u0146a izaicin\u0101jumos. Protams, gaid\u012bti ar\u012b tie, kuriem toreiz da\u017e\u0101du iemeslu d\u0113\u013c n\u0101c\u0101s palikt m\u0101j\u0101s, t\u0101pat tie, kuri pa\u0161i to nepiedz\u012bvoja, jo v\u0113l bija p\u0101r\u0101k jauni vai nebija dzimu\u0161i, bet zina par \u0161\u012bm noz\u012bm\u012bgaj\u0101m v\u0113stures lappus\u0113m no savu tuvinieku, pedagogu un citu st\u0101st\u012bt\u0101.<\/p>\n<p>\u0160ogad aprit 35 gadi, kop\u0161 norisin\u0101j\u0101s 1991. gada barik\u0101des. T\u0101 bija nevardarb\u012bga preto\u0161an\u0101s, nost\u0101joties pret PSRS varas iest\u0101\u017eu centieniem p\u0101r\u0146emt kontroli p\u0101r politiski noz\u012bm\u012bgiem objektiem ar\u012b Latvijas teritorij\u0101. Aizst\u0101vji tolaik ne tikai veidoja aiz\u017eogojumus, bet no malu mal\u0101m pulc\u0113j\u0101s ar\u012b pa\u0161i. Visiem kop\u0101, l\u012bdz ar m\u0101j\u0101spalic\u0113ju domu sp\u0113ku, izdev\u0101s nosarg\u0101t Latviju. Piemin\u0113sim barik\u0101\u017eu aizst\u0101vjus un vi\u0146u paveikto m\u016bsu valsts, m\u016bsu n\u0101kotnes lab\u0101!<\/p>\n<p>Ieeja pas\u0101kum\u0101 bez maksas, taj\u0101 var tikt film\u0113ts un fotograf\u0113ts. Ieg\u016btos materi\u0101lus organizators var izmantot norises publicit\u0101tei.\u00a0<\/p>\n<p>          <img decoding=\"async\" src=\"https:\/\/www.europesays.com\/lv\/wp-content\/uploads\/2026\/01\/1767645852_487_logo-lv.png\" alt=\"\"\/><\/p>\n<p>                  \u0160\u012b inform\u0101cija ir publisks pazi\u0146ojums un neatspogu\u013co LV port\u0101la viedokli. Par t\u0101s saturu atbild ies\u016bt\u012bt\u0101js. <a data-popup=\"rules\">Public\u0113\u0161anas noteikumi<\/a><\/p>\n","protected":false},"excerpt":{"rendered":"22. janv\u0101r\u012b plkst. 17.00 visi m\u012b\u013ci aicin\u0101ti piedal\u012bties sarunu un dziesmu vakar\u0101 \u201cBarik\u0101\u017eu laiks. KOP\u0100\u201d Valmieras muzeja ekspoz\u012bcijas&hellip;\n","protected":false},"author":2,"featured_media":105126,"comment_status":"","ping_status":"","sticky":false,"template":"","format":"standard","meta":{"footnotes":""},"categories":[12],"tags":[23,28,29,32,33,22,30,31,35,39,38,36,37,34,40,20,26,27,24,25,21],"class_list":{"0":"post-105125","1":"post","2":"type-post","3":"status-publish","4":"format-standard","5":"has-post-thumbnail","7":"category-latvija","8":"tag-aktualitates","9":"tag-breaking-news","10":"tag-breakingnews","11":"tag-featured-news","12":"tag-featurednews","13":"tag-headlines","14":"tag-latest-news","15":"tag-latestnews","16":"tag-latvia","17":"tag-latvian","18":"tag-latviesu","19":"tag-latviesu-valoda","20":"tag-latviesuvaloda","21":"tag-latvija","22":"tag-lv","23":"tag-news","24":"tag-popularakas-zinas","25":"tag-popularakaszinas","26":"tag-top-stories","27":"tag-topstories","28":"tag-zinas"},"share_on_mastodon":{"url":"https:\/\/pubeurope.com\/@lv\/115897923163200587","error":""},"_links":{"self":[{"href":"https:\/\/www.europesays.com\/lv\/wp-json\/wp\/v2\/posts\/105125","targetHints":{"allow":["GET"]}}],"collection":[{"href":"https:\/\/www.europesays.com\/lv\/wp-json\/wp\/v2\/posts"}],"about":[{"href":"https:\/\/www.europesays.com\/lv\/wp-json\/wp\/v2\/types\/post"}],"author":[{"embeddable":true,"href":"https:\/\/www.europesays.com\/lv\/wp-json\/wp\/v2\/users\/2"}],"replies":[{"embeddable":true,"href":"https:\/\/www.europesays.com\/lv\/wp-json\/wp\/v2\/comments?post=105125"}],"version-history":[{"count":0,"href":"https:\/\/www.europesays.com\/lv\/wp-json\/wp\/v2\/posts\/105125\/revisions"}],"wp:featuredmedia":[{"embeddable":true,"href":"https:\/\/www.europesays.com\/lv\/wp-json\/wp\/v2\/media\/105126"}],"wp:attachment":[{"href":"https:\/\/www.europesays.com\/lv\/wp-json\/wp\/v2\/media?parent=105125"}],"wp:term":[{"taxonomy":"category","embeddable":true,"href":"https:\/\/www.europesays.com\/lv\/wp-json\/wp\/v2\/categories?post=105125"},{"taxonomy":"post_tag","embeddable":true,"href":"https:\/\/www.europesays.com\/lv\/wp-json\/wp\/v2\/tags?post=105125"}],"curies":[{"name":"wp","href":"https:\/\/api.w.org\/{rel}","templated":true}]}}