{"id":105139,"date":"2026-01-15T07:36:15","date_gmt":"2026-01-15T07:36:15","guid":{"rendered":"https:\/\/www.europesays.com\/lv\/105139\/"},"modified":"2026-01-15T07:36:15","modified_gmt":"2026-01-15T07:36:15","slug":"gaisa-temperatura-latgale-noslidejusi-lidz-21-gradam","status":"publish","type":"post","link":"https:\/\/www.europesays.com\/lv\/105139\/","title":{"rendered":"Gaisa temperat\u016bra Latgal\u0113 nosl\u012bd\u0113jusi l\u012bdz -21 gr\u0101dam"},"content":{"rendered":"<p>Ceturtdien pulksten 5 gaisa temperat\u016bra valst\u012b bija no -6..-7 gr\u0101diem Kurzemes rietumu piekrast\u0113 l\u012bdz -20,7 gr\u0101diem Dagd\u0101, liecina Latvijas Vides, \u0123eolo\u0123ijas un meteorolo\u0123ijas centra (LV\u0122MC) dati.<\/p>\n<p>Sniega biezums nov\u0113rojumu stacij\u0101s no pieciem l\u012bdz septi\u0146iem centimetriem Kolk\u0101, M\u0113rsrag\u0101, Daugavgr\u012bv\u0101, Aina\u017eos un R\u016bjien\u0101 l\u012bdz 22\u201324 centimetriem Rucav\u0101, Stend\u0113, Zos\u0113nos, Gulben\u0113, Dagd\u0101 un Kr\u0101slavas novada Piedruj\u0101.<\/p>\n<p class=\"m-0\">Seko &#8220;Delfi&#8221; ar\u012b  <a target=\"_blank\" href=\"https:\/\/www.instagram.com\/delfi.lv\/\" rel=\"nofollow noopener\">Instagram<\/a>  un <a target=\"_blank\" href=\"https:\/\/www.youtube.com\/channel\/UCw5foWtcJvAbUm64rv7jwUQ\" rel=\"nofollow noopener\">YouTube<\/a>  profil\u0101 \u2013 pievienojies, lai uzzin\u0101tu svar\u012bg\u0101ko un interesant\u0101ko pirmais!<\/p>\n<p>Publik\u0101cijas saturs vai t\u0101s jebk\u0101da apjoma da\u013ca ir aizsarg\u0101ts autorties\u012bbu objekts Autorties\u012bbu likuma izpratn\u0113, un t\u0101 izmanto\u0161ana bez izdev\u0113ja at\u013caujas ir aizliegta. Vair\u0101k lasi  <a target=\"_blank\" href=\"https:\/\/www.delfi.lv\/noteikumi#autortiesibas\" rel=\"nofollow noopener\">\u0161eit<\/a><script async src=\"\/\/www.instagram.com\/embed.js\"><\/script><\/p>\n","protected":false},"excerpt":{"rendered":"Ceturtdien pulksten 5 gaisa temperat\u016bra valst\u012b bija no -6..-7 gr\u0101diem Kurzemes rietumu piekrast\u0113 l\u012bdz -20,7 gr\u0101diem Dagd\u0101, liecina&hellip;\n","protected":false},"author":2,"featured_media":105140,"comment_status":"","ping_status":"","sticky":false,"template":"","format":"standard","meta":{"footnotes":""},"categories":[12],"tags":[23,28,29,32,33,3375,22,152,30,31,35,39,38,36,37,34,7186,40,20,26,27,24,25,21],"class_list":{"0":"post-105139","1":"post","2":"type-post","3":"status-publish","4":"format-standard","5":"has-post-thumbnail","7":"category-latvija","8":"tag-aktualitates","9":"tag-breaking-news","10":"tag-breakingnews","11":"tag-featured-news","12":"tag-featurednews","13":"tag-geologijas-un-meteorologijas-centrs","14":"tag-headlines","15":"tag-laika-prognoze","16":"tag-latest-news","17":"tag-latestnews","18":"tag-latvia","19":"tag-latvian","20":"tag-latviesu","21":"tag-latviesu-valoda","22":"tag-latviesuvaloda","23":"tag-latvija","24":"tag-latvijas-vides","25":"tag-lv","26":"tag-news","27":"tag-popularakas-zinas","28":"tag-popularakaszinas","29":"tag-top-stories","30":"tag-topstories","31":"tag-zinas"},"share_on_mastodon":{"url":"https:\/\/pubeurope.com\/@lv\/115897970441864763","error":""},"_links":{"self":[{"href":"https:\/\/www.europesays.com\/lv\/wp-json\/wp\/v2\/posts\/105139","targetHints":{"allow":["GET"]}}],"collection":[{"href":"https:\/\/www.europesays.com\/lv\/wp-json\/wp\/v2\/posts"}],"about":[{"href":"https:\/\/www.europesays.com\/lv\/wp-json\/wp\/v2\/types\/post"}],"author":[{"embeddable":true,"href":"https:\/\/www.europesays.com\/lv\/wp-json\/wp\/v2\/users\/2"}],"replies":[{"embeddable":true,"href":"https:\/\/www.europesays.com\/lv\/wp-json\/wp\/v2\/comments?post=105139"}],"version-history":[{"count":0,"href":"https:\/\/www.europesays.com\/lv\/wp-json\/wp\/v2\/posts\/105139\/revisions"}],"wp:featuredmedia":[{"embeddable":true,"href":"https:\/\/www.europesays.com\/lv\/wp-json\/wp\/v2\/media\/105140"}],"wp:attachment":[{"href":"https:\/\/www.europesays.com\/lv\/wp-json\/wp\/v2\/media?parent=105139"}],"wp:term":[{"taxonomy":"category","embeddable":true,"href":"https:\/\/www.europesays.com\/lv\/wp-json\/wp\/v2\/categories?post=105139"},{"taxonomy":"post_tag","embeddable":true,"href":"https:\/\/www.europesays.com\/lv\/wp-json\/wp\/v2\/tags?post=105139"}],"curies":[{"name":"wp","href":"https:\/\/api.w.org\/{rel}","templated":true}]}}