{"id":105141,"date":"2026-01-15T07:37:08","date_gmt":"2026-01-15T07:37:08","guid":{"rendered":"https:\/\/www.europesays.com\/lv\/105141\/"},"modified":"2026-01-15T07:37:08","modified_gmt":"2026-01-15T07:37:08","slug":"saeima-apstiprina-deputates-mandatu-lienei-gaterei","status":"publish","type":"post","link":"https:\/\/www.europesays.com\/lv\/105141\/","title":{"rendered":"Saeima apstiprina deput\u0101tes mand\u0101tu Lienei G\u0101terei"},"content":{"rendered":"<p>Saeima ceturtdien, 15. janv\u0101r\u012b, apstiprin\u0101ja 14. Saeimas deput\u0101tes pilnvaras Lienei G\u0101terei.<\/p>\n<p>14. Saeim\u0101 L. G\u0101tere iev\u0113l\u0113ta no partijas \u201cProgres\u012bvie\u201d saraksta Kurzemes v\u0113l\u0113\u0161anu apgabal\u0101. L. G\u0101tere kop\u0161 2025. gada marta ir Aizsardz\u012bbas ministrijas parlament\u0101r\u0101 sekret\u0101re, iepriek\u0161 pild\u012bjusi aizsardz\u012bbas ministra biroja vad\u012bt\u0101jas pien\u0101kumus. Vair\u0101k nek\u0101 desmit gadus L. G\u0101tere ir darbojusies nevalstiskaj\u0101 sektor\u0101, bijusi biedr\u012bbas \u201cSabiedr\u012bba par atkl\u0101t\u012bbu \u2013 Delna\u201d direktore, KNAB Sabiedriski konsultat\u012bv\u0101s padomes vad\u012bt\u0101ja, k\u0101 ar\u012b konsultante starptautisk\u0101s organiz\u0101cij\u0101s.<\/p>\n<p>          <img decoding=\"async\" src=\"https:\/\/www.europesays.com\/lv\/wp-content\/uploads\/2026\/01\/1767645852_487_logo-lv.png\" alt=\"\"\/><\/p>\n<p>                  \u0160\u012b inform\u0101cija ir publisks pazi\u0146ojums un neatspogu\u013co LV port\u0101la viedokli. Par t\u0101s saturu atbild ies\u016bt\u012bt\u0101js. <a data-popup=\"rules\">Public\u0113\u0161anas noteikumi<\/a><\/p>\n","protected":false},"excerpt":{"rendered":"Saeima ceturtdien, 15. janv\u0101r\u012b, apstiprin\u0101ja 14. Saeimas deput\u0101tes pilnvaras Lienei G\u0101terei. 14. Saeim\u0101 L. G\u0101tere iev\u0113l\u0113ta no partijas&hellip;\n","protected":false},"author":2,"featured_media":95583,"comment_status":"","ping_status":"","sticky":false,"template":"","format":"standard","meta":{"footnotes":""},"categories":[5],"tags":[23,28,29,32,33,22,30,31,35,39,38,36,37,34,40,20,26,27,24,25,21],"class_list":{"0":"post-105141","1":"post","2":"type-post","3":"status-publish","4":"format-standard","5":"has-post-thumbnail","7":"category-aktualitates","8":"tag-aktualitates","9":"tag-breaking-news","10":"tag-breakingnews","11":"tag-featured-news","12":"tag-featurednews","13":"tag-headlines","14":"tag-latest-news","15":"tag-latestnews","16":"tag-latvia","17":"tag-latvian","18":"tag-latviesu","19":"tag-latviesu-valoda","20":"tag-latviesuvaloda","21":"tag-latvija","22":"tag-lv","23":"tag-news","24":"tag-popularakas-zinas","25":"tag-popularakaszinas","26":"tag-top-stories","27":"tag-topstories","28":"tag-zinas"},"share_on_mastodon":{"url":"https:\/\/pubeurope.com\/@lv\/115897974312105814","error":""},"_links":{"self":[{"href":"https:\/\/www.europesays.com\/lv\/wp-json\/wp\/v2\/posts\/105141","targetHints":{"allow":["GET"]}}],"collection":[{"href":"https:\/\/www.europesays.com\/lv\/wp-json\/wp\/v2\/posts"}],"about":[{"href":"https:\/\/www.europesays.com\/lv\/wp-json\/wp\/v2\/types\/post"}],"author":[{"embeddable":true,"href":"https:\/\/www.europesays.com\/lv\/wp-json\/wp\/v2\/users\/2"}],"replies":[{"embeddable":true,"href":"https:\/\/www.europesays.com\/lv\/wp-json\/wp\/v2\/comments?post=105141"}],"version-history":[{"count":0,"href":"https:\/\/www.europesays.com\/lv\/wp-json\/wp\/v2\/posts\/105141\/revisions"}],"wp:featuredmedia":[{"embeddable":true,"href":"https:\/\/www.europesays.com\/lv\/wp-json\/wp\/v2\/media\/95583"}],"wp:attachment":[{"href":"https:\/\/www.europesays.com\/lv\/wp-json\/wp\/v2\/media?parent=105141"}],"wp:term":[{"taxonomy":"category","embeddable":true,"href":"https:\/\/www.europesays.com\/lv\/wp-json\/wp\/v2\/categories?post=105141"},{"taxonomy":"post_tag","embeddable":true,"href":"https:\/\/www.europesays.com\/lv\/wp-json\/wp\/v2\/tags?post=105141"}],"curies":[{"name":"wp","href":"https:\/\/api.w.org\/{rel}","templated":true}]}}