{"id":105144,"date":"2026-01-15T07:41:10","date_gmt":"2026-01-15T07:41:10","guid":{"rendered":"https:\/\/www.europesays.com\/lv\/105144\/"},"modified":"2026-01-15T07:41:10","modified_gmt":"2026-01-15T07:41:10","slug":"tramps-apgalvo-zelenskis-bremze-miera-sarunas-ar-krieviju","status":"publish","type":"post","link":"https:\/\/www.europesays.com\/lv\/105144\/","title":{"rendered":"Tramps apgalvo: Zelenskis bremz\u0113 miera sarunas ar Krieviju"},"content":{"rendered":"<p class=\"descr\">ASV prezidents Donalds Tramps tre\u0161dien pazi\u0146ojis, ka miera vieno\u0161an\u0101s nosl\u0113g\u0161anu kav\u0113jot Ukrainas prezidents Volodimirs Zelenskis, nevis Krievijas diktators Vladimirs Putins.<\/p>\n<p>&#8220;Dom\u0101ju, ka vi\u0146\u0161 (Putins) ir gatavs sl\u0113gt dar\u012bjumu. Dom\u0101ju, ka <a href=\"https:\/\/nra.lv\/pasaule\/511019-ukrainas-kara-beigu-prognoze.htm\" data-item-link=\"true\" data-item-id=\"511019\" rel=\"nofollow noopener\" target=\"_blank\">Ukraina ir maz\u0101k gatava sl\u0113gt dar\u012bjumu<\/a>,&#8221; ekskluz\u012bv\u0101 intervij\u0101 a\u0123ent\u016brai &#8220;Reuters&#8221; Balt\u0101 nama Ov\u0101laj\u0101 kabinet\u0101 izteic\u0101s Tramps.<\/p>\n<p>Vi\u0146\u0161 apgalvoja, ka Krievijas diktators esot <a href=\"https:\/\/nra.lv\/politika\/511450-eiropa-uzstaj-uz-savu-sutni-sarunas-par-mieru-ukraina.htm\" data-item-link=\"true\" data-item-id=\"511450\" rel=\"nofollow noopener\" target=\"_blank\">gatavs izbeigt iebrukumu <\/a>Ukrain\u0101, kam\u0113r Zelenskis esot attur\u012bg\u0101ks.<\/p>\n<p>Uz jaut\u0101jumu, k\u0101p\u0113c ASV vest\u0101s sarunas l\u012bdz \u0161im nav novedu\u0161as pie kara izbeig\u0161anas, Tramps atbild\u0113ja ar vienu v\u0101rdu: <a href=\"https:\/\/nra.lv\/pasaule\/511270-tramps-zelenskim-nav-trumpju-tikai-ceriba-uz-trampu.htm\" data-item-link=\"true\" data-item-id=\"511270\" rel=\"nofollow noopener\" target=\"_blank\">&#8220;Zelenskis.&#8221;<\/a><\/p>\n<p>Taj\u0101 pa\u0161\u0101 laik\u0101 Balt\u0101 nama saimnieks pie\u013c\u0101va, ka var\u0113tu tikties ar Ukrainas prezidentu Pasaules Ekonomisk\u0101 foruma laik\u0101 Dasvos\u0101, kas notiks no 19. l\u012bdz 23. janv\u0101rim.<\/p>\n<p>Tikm\u0113r Trampa \u012bpa\u0161ais v\u0113stnieks St\u012bvs Vitkofs un padomnieks D\u017eareds Ku\u0161ners pl\u0101no tuv\u0101kaj\u0101 laik\u0101 doties uz Maskavu, lai tiktos ar Krievijas diktatoru.;<\/p>\n<p>\t\t\t\t\t\tinfo<\/p>\n<p>Uzzini pirmais<br \/>kas interesants noticis Latvij\u0101 un pasaul\u0113,<br \/>pievienojoties mums <a href=\"https:\/\/t.me\/neatkariga\" rel=\"nofollow\">Telegram<\/a> vai <a href=\"https:\/\/whatsapp.com\/channel\/0029VaMLFUH5K3zLU5s4wm3y\" rel=\"nofollow noopener\" target=\"_blank\">Whatsapp<\/a> kan\u0101l\u0101<\/p>\n","protected":false},"excerpt":{"rendered":"ASV prezidents Donalds Tramps tre\u0161dien pazi\u0146ojis, ka miera vieno\u0161an\u0101s nosl\u0113g\u0161anu kav\u0113jot Ukrainas prezidents Volodimirs Zelenskis, nevis Krievijas diktators&hellip;\n","protected":false},"author":2,"featured_media":105145,"comment_status":"","ping_status":"","sticky":false,"template":"","format":"standard","meta":{"footnotes":""},"categories":[14],"tags":[23,57,28,29,32,33,22,30,31,35,39,38,36,37,34,40,20,26,27,24,25,54,55,56,21,58],"class_list":{"0":"post-105144","1":"post","2":"type-post","3":"status-publish","4":"format-standard","5":"has-post-thumbnail","7":"category-zinas-no-arvalstim","8":"tag-aktualitates","9":"tag-arvalstim","10":"tag-breaking-news","11":"tag-breakingnews","12":"tag-featured-news","13":"tag-featurednews","14":"tag-headlines","15":"tag-latest-news","16":"tag-latestnews","17":"tag-latvia","18":"tag-latvian","19":"tag-latviesu","20":"tag-latviesu-valoda","21":"tag-latviesuvaloda","22":"tag-latvija","23":"tag-lv","24":"tag-news","25":"tag-popularakas-zinas","26":"tag-popularakaszinas","27":"tag-top-stories","28":"tag-topstories","29":"tag-world","30":"tag-world-news","31":"tag-worldnews","32":"tag-zinas","33":"tag-zinas-no-arvalstim"},"share_on_mastodon":{"url":"https:\/\/pubeurope.com\/@lv\/115897990065961188","error":""},"_links":{"self":[{"href":"https:\/\/www.europesays.com\/lv\/wp-json\/wp\/v2\/posts\/105144","targetHints":{"allow":["GET"]}}],"collection":[{"href":"https:\/\/www.europesays.com\/lv\/wp-json\/wp\/v2\/posts"}],"about":[{"href":"https:\/\/www.europesays.com\/lv\/wp-json\/wp\/v2\/types\/post"}],"author":[{"embeddable":true,"href":"https:\/\/www.europesays.com\/lv\/wp-json\/wp\/v2\/users\/2"}],"replies":[{"embeddable":true,"href":"https:\/\/www.europesays.com\/lv\/wp-json\/wp\/v2\/comments?post=105144"}],"version-history":[{"count":0,"href":"https:\/\/www.europesays.com\/lv\/wp-json\/wp\/v2\/posts\/105144\/revisions"}],"wp:featuredmedia":[{"embeddable":true,"href":"https:\/\/www.europesays.com\/lv\/wp-json\/wp\/v2\/media\/105145"}],"wp:attachment":[{"href":"https:\/\/www.europesays.com\/lv\/wp-json\/wp\/v2\/media?parent=105144"}],"wp:term":[{"taxonomy":"category","embeddable":true,"href":"https:\/\/www.europesays.com\/lv\/wp-json\/wp\/v2\/categories?post=105144"},{"taxonomy":"post_tag","embeddable":true,"href":"https:\/\/www.europesays.com\/lv\/wp-json\/wp\/v2\/tags?post=105144"}],"curies":[{"name":"wp","href":"https:\/\/api.w.org\/{rel}","templated":true}]}}