{"id":105146,"date":"2026-01-15T07:42:07","date_gmt":"2026-01-15T07:42:07","guid":{"rendered":"https:\/\/www.europesays.com\/lv\/105146\/"},"modified":"2026-01-15T07:42:07","modified_gmt":"2026-01-15T07:42:07","slug":"vakar-ugunsgrekos-cieta-tris-cilveki","status":"publish","type":"post","link":"https:\/\/www.europesays.com\/lv\/105146\/","title":{"rendered":"Vakar ugunsgr\u0113kos cieta tr\u012bs cilv\u0113ki"},"content":{"rendered":"<p>Aizvad\u012btaj\u0101 diennakt\u012b, laikposm\u0101 no \u0161\u012b gada 14. janv\u0101ra plkst. 6.30 l\u012bdz 15. janv\u0101ra plkst. 6.30, Valsts ugunsdz\u0113s\u012bbas un gl\u0101b\u0161anas dienests (VUGD) sa\u0146\u0113ma 43 izsaukumus \u2013 16 uz ugunsgr\u0113ku dz\u0113\u0161anu, 21 uz gl\u0101b\u0161anas darbiem, bet se\u0161i izsaukumi bija maldin\u0101jumi.<\/p>\n<p>Plkst. 17.59 ugunsdz\u0113s\u0113ji gl\u0101b\u0113ji dev\u0101s uz Pasta ielu J\u0113kabpil\u012b, kur divst\u0101vu dz\u012bvojam\u0101s m\u0101jas otr\u0101 st\u0101va dz\u012bvokl\u012b dega sadz\u012bves mantas 6 m\u00b2\u00a0 plat\u012bb\u0101. Pirms VUGD iera\u0161an\u0101s no m\u0101jas evaku\u0113j\u0101s viens cilv\u0113ks, kur\u0161 negad\u012bjum\u0101 cieta un nodots Neatliekam\u0101s medic\u012bnisk\u0101s pal\u012bdz\u012bbas dienesta (NMPD) medi\u0137iem. Ugunsdz\u0113s\u0113ji gl\u0101b\u0113ji no dego\u0161\u0101 dz\u012bvok\u013ca izgl\u0101ba ka\u0137i. Plkst. 19.24 darbi notikuma viet\u0101 tika pabeigti.<\/p>\n<p>Plkst. 18.47 VUGD sa\u0146\u0113ma izsaukumu uz \u0136ekavas novada \u0136ekavas pagastu, kur kravas automa\u0161\u012bna no ce\u013ca braucam\u0101s da\u013cas bija iesl\u012bd\u0113jusi gr\u0101v\u012b. Ar hidraulisko instrumentu pal\u012bdz\u012bbu ugunsdz\u0113s\u0113ji gl\u0101b\u0113ji atv\u0113ra automa\u0161\u012bnas durvis un cilv\u0113ku, kur\u0161 atrad\u0101s automa\u0161\u012bn\u0101, \u00a0nodeva NMPD darbiniekiem.<\/p>\n<p>\u012asi p\u0113c devi\u0146iem vakar\u0101 ugunsdz\u0113s\u0113ji gl\u0101b\u0113ji dev\u0101s uz Tvaika ielu R\u012bg\u0101, kur vienst\u0101va ang\u0101ra tipa \u0113k\u0101 dega sadz\u012bves mantas un koka paletes 10 m\u00b2 plat\u012bb\u0101. Dz\u0113\u0161ot liesmas pa\u0161a sp\u0113kiem pirms VUGD iera\u0161an\u0101s, ugunsgr\u0113k\u0101 cieta divi cilv\u0113ki, kuri nodoti NMPD medi\u0137iem. Deg\u0161ana likvid\u0113ta plkst. 23.36.<\/p>\n<p>Plkst. 21.12 VUGD sa\u0146\u0113ma izsaukumu uz Gan\u012bbu dambi R\u012bg\u0101, kur daudzdz\u012bvok\u013cu dz\u012bvojam\u0101s m\u0101jas sestaj\u0101 st\u0101v\u0101 deg balkons un siena 7 m\u00b2 plat\u012bb\u0101. Pirms ugunsdz\u0113s\u0113ju gl\u0101b\u0113ju iera\u0161an\u0101s no \u0113kas evaku\u0113j\u0101s 30 cilv\u0113ki. Plkst. 23.16 deg\u0161ana likvid\u0113ta.<\/p>\n<p>Aizvad\u012btaj\u0101 diennakt\u012b ugunsdz\u0113s\u0113ji gl\u0101b\u0113ji dev\u0101s ar\u012b uz izsaukumiem, kuros \u00a0dega viegl\u0101 automa\u0161\u012bna, pirts, ra\u017eo\u0161anas \u0113ka, saimniec\u012bbas \u0113ka, \u00a0elektr\u012bbas stabs, rozete, \u016bdens mais\u012bt\u0101js, atkritumi, divos gad\u012bjumos piededzis bez uzraudz\u012bbas atst\u0101ts \u0113diens, v\u0113l \u010detros gad\u012bjumos sodr\u0113ji dz\u012bvojam\u0101s m\u0101jas d\u016bmvad\u0101.<\/p>\n<p>          <img decoding=\"async\" src=\"https:\/\/www.europesays.com\/lv\/wp-content\/uploads\/2026\/01\/1767645852_487_logo-lv.png\" alt=\"\"\/><\/p>\n<p>                  \u0160\u012b inform\u0101cija ir publisks pazi\u0146ojums un neatspogu\u013co LV port\u0101la viedokli. Par t\u0101s saturu atbild ies\u016bt\u012bt\u0101js. <a data-popup=\"rules\">Public\u0113\u0161anas noteikumi<\/a><\/p>\n","protected":false},"excerpt":{"rendered":"Aizvad\u012btaj\u0101 diennakt\u012b, laikposm\u0101 no \u0161\u012b gada 14. janv\u0101ra plkst. 6.30 l\u012bdz 15. janv\u0101ra plkst. 6.30, Valsts ugunsdz\u0113s\u012bbas un&hellip;\n","protected":false},"author":2,"featured_media":95583,"comment_status":"","ping_status":"","sticky":false,"template":"","format":"standard","meta":{"footnotes":""},"categories":[12],"tags":[23,28,29,32,33,22,30,31,35,39,38,36,37,34,40,20,26,27,24,25,21],"class_list":{"0":"post-105146","1":"post","2":"type-post","3":"status-publish","4":"format-standard","5":"has-post-thumbnail","7":"category-latvija","8":"tag-aktualitates","9":"tag-breaking-news","10":"tag-breakingnews","11":"tag-featured-news","12":"tag-featurednews","13":"tag-headlines","14":"tag-latest-news","15":"tag-latestnews","16":"tag-latvia","17":"tag-latvian","18":"tag-latviesu","19":"tag-latviesu-valoda","20":"tag-latviesuvaloda","21":"tag-latvija","22":"tag-lv","23":"tag-news","24":"tag-popularakas-zinas","25":"tag-popularakaszinas","26":"tag-top-stories","27":"tag-topstories","28":"tag-zinas"},"share_on_mastodon":{"url":"https:\/\/pubeurope.com\/@lv\/115897993950638373","error":""},"_links":{"self":[{"href":"https:\/\/www.europesays.com\/lv\/wp-json\/wp\/v2\/posts\/105146","targetHints":{"allow":["GET"]}}],"collection":[{"href":"https:\/\/www.europesays.com\/lv\/wp-json\/wp\/v2\/posts"}],"about":[{"href":"https:\/\/www.europesays.com\/lv\/wp-json\/wp\/v2\/types\/post"}],"author":[{"embeddable":true,"href":"https:\/\/www.europesays.com\/lv\/wp-json\/wp\/v2\/users\/2"}],"replies":[{"embeddable":true,"href":"https:\/\/www.europesays.com\/lv\/wp-json\/wp\/v2\/comments?post=105146"}],"version-history":[{"count":0,"href":"https:\/\/www.europesays.com\/lv\/wp-json\/wp\/v2\/posts\/105146\/revisions"}],"wp:featuredmedia":[{"embeddable":true,"href":"https:\/\/www.europesays.com\/lv\/wp-json\/wp\/v2\/media\/95583"}],"wp:attachment":[{"href":"https:\/\/www.europesays.com\/lv\/wp-json\/wp\/v2\/media?parent=105146"}],"wp:term":[{"taxonomy":"category","embeddable":true,"href":"https:\/\/www.europesays.com\/lv\/wp-json\/wp\/v2\/categories?post=105146"},{"taxonomy":"post_tag","embeddable":true,"href":"https:\/\/www.europesays.com\/lv\/wp-json\/wp\/v2\/tags?post=105146"}],"curies":[{"name":"wp","href":"https:\/\/api.w.org\/{rel}","templated":true}]}}