{"id":105149,"date":"2026-01-15T07:48:07","date_gmt":"2026-01-15T07:48:07","guid":{"rendered":"https:\/\/www.europesays.com\/lv\/105149\/"},"modified":"2026-01-15T07:48:07","modified_gmt":"2026-01-15T07:48:07","slug":"diskusiju-par-ierobezojumiem-bauskas-un-preilu-novados-var-turpinat-tiesa","status":"publish","type":"post","link":"https:\/\/www.europesays.com\/lv\/105149\/","title":{"rendered":"Diskusiju par ierobe\u017eojumiem Bauskas un Prei\u013cu novados var turpin\u0101t ties\u0101"},"content":{"rendered":"<p>Vair\u0101kos gad\u012bjumos noteikumi formul\u0113ti tiesiski nenoteikti, ar subjekt\u012bvi interpret\u0113jamiem krit\u0113rijiem, kas apgr\u016btina person\u0101m iesp\u0113ju prognoz\u0113t tiesisk\u0101s sekas un kav\u0113 att\u012bst\u012bbas ieceru \u012bsteno\u0161anu.<\/p>\n<p>Bauskas novada domes priek\u0161s\u0113d\u0113t\u0101js Aivars Ma\u010deks (NA), koment\u0113jot ministra l\u0113mumu, sac\u012bja, ka jaut\u0101jums par v\u0113ja parkiem novad\u0101 jau ilgsto\u0161i raisa sabiedr\u012bbas interesi un diskusijas. Vi\u0146\u0161 inform\u0113ja, ka vair\u0101k nek\u0101 desmit att\u012bst\u012bt\u0101ji v\u0113las b\u016bv\u0113t v\u0113ja parkus novad\u0101.<\/p>\n<p>P\u0113c vi\u0146a paust\u0101, valst\u012b nav noteikts v\u0113ja elektrostaciju (VES) regul\u0113jums, t\u0101p\u0113c pa\u0161vald\u012bbas katra &#8220;c\u012bn\u0101s k\u0101 m\u0101k&#8221;. Vietvara, tostarp deput\u0101ti un pa\u0161vald\u012bbas speci\u0101listi, pl\u0101no s\u012bk\u0101k iepaz\u012bties ar VARAM atzinumu par pl\u0101nojumu, sniedzot pla\u0161\u0101ku koment\u0101ru.<\/p>\n<p>&#8220;Vajadz\u0113tu izdot vienotu skat\u012bjumu uz visu valsti, lai m\u0113s, pa\u0161vald\u012bbas, nemoc\u012btos lieki un net\u0113r\u0113tu finan\u0161u resursu, lai pier\u0101d\u012btu, vajag vai nevajag \u0161os v\u0113ja parkus,&#8221; v\u0113rt\u0113ja Ma\u010deks.<\/p>\n<p>LETA jau zi\u0146oja, ka SIA &#8220;EWE Neue Energien 2&#8221; Valsts vides dienestam (VVD) iesniedzis ieceri par 17 VES izb\u016bvi Bauskas un Jelgavas novadu teritorij\u0101s, un VVD ir s\u0101cis ietekmes uz vidi nov\u0113rt\u0113juma (IVN) proced\u016bru.<\/p>\n<p>Pa\u0161vald\u012bba p\u0113rn oktobr\u012b sniedza VVD ofici\u0101lu atbildi, nor\u0101dot, ka liel\u0101k\u0101 da\u013ca pl\u0101not\u0101 v\u0113ja parka teritorijas atrodas nacion\u0101l\u0101s noz\u012bmes lauksaimniec\u012bbas zem\u0113s, kur \u0161\u0101da b\u016bvniec\u012bba nav pie\u013caujama. Ar\u012b novembr\u012b sniegtaj\u0101 atzinum\u0101 pa\u0161vald\u012bba atk\u0101rtoti uzsv\u0113ra, ka iecere neatbilst sp\u0113k\u0101 eso\u0161ajam teritorijas pl\u0101nojumam un zon\u0113jums nav main\u0101ms.<\/p>\n<p>D\u0101nijas v\u0113ja ener\u0123ijas grup\u0101 &#8220;Eurowind Energy&#8221; ietilpsto\u0161\u0101s Latvij\u0101 re\u0123istr\u0113t\u0101s meitassabiedr\u012bbas pl\u0101no b\u016bv\u0113t divus v\u0113ja parkus Dienvidkurzemes novad\u0101, k\u0101 ar\u012b Bauskas un Jelgavas novados, liecina inform\u0101cija likvid\u0113t\u0101s Ener\u0123\u0113tikas un vides a\u0123ent\u016bras m\u0101jaslap\u0101 par VVD piem\u0113roto IVN proced\u016bru.<\/p>\n<p>Savuk\u0101rt Prei\u013cu novad\u0101 AS &#8220;Latvenergo&#8221; pl\u0101no v\u0113ja elektrostaciju parka &#8220;Riebi\u0146i&#8221; b\u016bvniec\u012bbu.<\/p>\n","protected":false},"excerpt":{"rendered":"Vair\u0101kos gad\u012bjumos noteikumi formul\u0113ti tiesiski nenoteikti, ar subjekt\u012bvi interpret\u0113jamiem krit\u0113rijiem, kas apgr\u016btina person\u0101m iesp\u0113ju prognoz\u0113t tiesisk\u0101s sekas un&hellip;\n","protected":false},"author":2,"featured_media":105150,"comment_status":"","ping_status":"","sticky":false,"template":"","format":"standard","meta":{"footnotes":""},"categories":[12],"tags":[23,28,29,32,33,22,30,31,35,39,38,36,37,34,40,20,26,27,3492,24,25,21],"class_list":{"0":"post-105149","1":"post","2":"type-post","3":"status-publish","4":"format-standard","5":"has-post-thumbnail","7":"category-latvija","8":"tag-aktualitates","9":"tag-breaking-news","10":"tag-breakingnews","11":"tag-featured-news","12":"tag-featurednews","13":"tag-headlines","14":"tag-latest-news","15":"tag-latestnews","16":"tag-latvia","17":"tag-latvian","18":"tag-latviesu","19":"tag-latviesu-valoda","20":"tag-latviesuvaloda","21":"tag-latvija","22":"tag-lv","23":"tag-news","24":"tag-popularakas-zinas","25":"tag-popularakaszinas","26":"tag-raimonds-cudars","27":"tag-top-stories","28":"tag-topstories","29":"tag-zinas"},"share_on_mastodon":{"url":"https:\/\/pubeurope.com\/@lv\/115898017635238030","error":""},"_links":{"self":[{"href":"https:\/\/www.europesays.com\/lv\/wp-json\/wp\/v2\/posts\/105149","targetHints":{"allow":["GET"]}}],"collection":[{"href":"https:\/\/www.europesays.com\/lv\/wp-json\/wp\/v2\/posts"}],"about":[{"href":"https:\/\/www.europesays.com\/lv\/wp-json\/wp\/v2\/types\/post"}],"author":[{"embeddable":true,"href":"https:\/\/www.europesays.com\/lv\/wp-json\/wp\/v2\/users\/2"}],"replies":[{"embeddable":true,"href":"https:\/\/www.europesays.com\/lv\/wp-json\/wp\/v2\/comments?post=105149"}],"version-history":[{"count":0,"href":"https:\/\/www.europesays.com\/lv\/wp-json\/wp\/v2\/posts\/105149\/revisions"}],"wp:featuredmedia":[{"embeddable":true,"href":"https:\/\/www.europesays.com\/lv\/wp-json\/wp\/v2\/media\/105150"}],"wp:attachment":[{"href":"https:\/\/www.europesays.com\/lv\/wp-json\/wp\/v2\/media?parent=105149"}],"wp:term":[{"taxonomy":"category","embeddable":true,"href":"https:\/\/www.europesays.com\/lv\/wp-json\/wp\/v2\/categories?post=105149"},{"taxonomy":"post_tag","embeddable":true,"href":"https:\/\/www.europesays.com\/lv\/wp-json\/wp\/v2\/tags?post=105149"}],"curies":[{"name":"wp","href":"https:\/\/api.w.org\/{rel}","templated":true}]}}