{"id":105153,"date":"2026-01-15T07:51:10","date_gmt":"2026-01-15T07:51:10","guid":{"rendered":"https:\/\/www.europesays.com\/lv\/105153\/"},"modified":"2026-01-15T07:51:10","modified_gmt":"2026-01-15T07:51:10","slug":"noskaidrotas-abas-finalistes-afrikas-naciju-kausa","status":"publish","type":"post","link":"https:\/\/www.europesays.com\/lv\/105153\/","title":{"rendered":"Noskaidrotas abas fin\u0101listes \u0100frikas N\u0101ciju kaus\u0101"},"content":{"rendered":"<p>Pirmaj\u0101 pusfin\u0101la ma\u010d\u0101 Seneg\u0101las futbolisti ar 1:0 (0:0) p\u0101rsp\u0113ja \u0112\u0123iptes valstsvien\u012bbu, vien\u012bgos v\u0101rtus ma\u010da 78. min\u016bt\u0113 ar sp\u0113c\u012bgu t\u0101lsitienu g\u016bstot Sadio Man\u0113.<\/p>\n<p>Savuk\u0101rt otraj\u0101 pusfin\u0101la duel\u012b turn\u012bra m\u0101jinieki Marokas izlase 11 metru sitienu s\u0113rij\u0101 ar 4:2 p\u0101rsp\u0113ja Nig\u0113riju. Pamatlaik\u0101 un papildlaik\u0101 v\u0101rti netika g\u016bti, bet p\u0113csp\u0113les sitienos marok\u0101\u0146u v\u0101rtsargs Jasins Bon\u016b atvair\u012bja divas bumbas, kam\u0113r nig\u0113rie\u0161u v\u0101rtsargs Stenlijs Nvabali &#8211; vienu.<\/p>\n<p>Sestdien c\u012b\u0146\u0101 par bronzas godalg\u0101m Nig\u0113rijas izlase Kasablank\u0101 sp\u0113l\u0113s ar \u0113\u0123iptie\u0161iem, bet sv\u0113tdien fin\u0101ls notiks Rab\u0101t\u0101.<\/p>\n<p>Marokas izlase \u0100frikas N\u0101ciju kausa izc\u012b\u0146\u0101 triumf\u0113jusi vienu reizi &#8211; 1976. gad\u0101, bet 2004. gad\u0101 fin\u0101l\u0101 ar 1:2 zaud\u0113ja Tunisijai. Tikm\u0113r Seneg\u0101las izlase ir 2021. gada turn\u012bra uzvar\u0113t\u0101ja, k\u0101 ar\u012b 2002. un 2019. gada vice\u010dempione.<\/p>\n<p>\u0100frikas N\u0101ciju kausa izc\u012b\u0146a tiek aizvad\u012bta jau 35. reizi. 2024. gad\u0101 par uzvar\u0113t\u0101ju k\u013cuva Kotdivu\u0101ras izlase, kas fin\u0101l\u0101 ar 2:1 apsp\u0113l\u0113ja Nig\u0113riju, tre\u0161o reizi v\u0113stur\u0113 triumf\u0113jot turn\u012br\u0101.<\/p>\n<p>Titul\u0113t\u0101k\u0101 \u0100frikas N\u0101ciju kausa izc\u012b\u0146as komanda ir \u0112\u0123ipte, kas triumf\u0113jusi septi\u0146as reizes.<\/p>\n","protected":false},"excerpt":{"rendered":"Pirmaj\u0101 pusfin\u0101la ma\u010d\u0101 Seneg\u0101las futbolisti ar 1:0 (0:0) p\u0101rsp\u0113ja \u0112\u0123iptes valstsvien\u012bbu, vien\u012bgos v\u0101rtus ma\u010da 78. min\u016bt\u0113 ar sp\u0113c\u012bgu&hellip;\n","protected":false},"author":2,"featured_media":105154,"comment_status":"","ping_status":"","sticky":false,"template":"","format":"standard","meta":{"footnotes":""},"categories":[17],"tags":[3004,714,1375,35,39,38,36,37,34,40,67],"class_list":{"0":"post-105153","1":"post","2":"type-post","3":"status-publish","4":"format-standard","5":"has-post-thumbnail","7":"category-sports","8":"tag-afrika","9":"tag-futbola-jaunumi","10":"tag-futbols-pasaule","11":"tag-latvia","12":"tag-latvian","13":"tag-latviesu","14":"tag-latviesu-valoda","15":"tag-latviesuvaloda","16":"tag-latvija","17":"tag-lv","18":"tag-sports"},"share_on_mastodon":{"url":"https:\/\/pubeurope.com\/@lv\/115898029322725960","error":""},"_links":{"self":[{"href":"https:\/\/www.europesays.com\/lv\/wp-json\/wp\/v2\/posts\/105153","targetHints":{"allow":["GET"]}}],"collection":[{"href":"https:\/\/www.europesays.com\/lv\/wp-json\/wp\/v2\/posts"}],"about":[{"href":"https:\/\/www.europesays.com\/lv\/wp-json\/wp\/v2\/types\/post"}],"author":[{"embeddable":true,"href":"https:\/\/www.europesays.com\/lv\/wp-json\/wp\/v2\/users\/2"}],"replies":[{"embeddable":true,"href":"https:\/\/www.europesays.com\/lv\/wp-json\/wp\/v2\/comments?post=105153"}],"version-history":[{"count":0,"href":"https:\/\/www.europesays.com\/lv\/wp-json\/wp\/v2\/posts\/105153\/revisions"}],"wp:featuredmedia":[{"embeddable":true,"href":"https:\/\/www.europesays.com\/lv\/wp-json\/wp\/v2\/media\/105154"}],"wp:attachment":[{"href":"https:\/\/www.europesays.com\/lv\/wp-json\/wp\/v2\/media?parent=105153"}],"wp:term":[{"taxonomy":"category","embeddable":true,"href":"https:\/\/www.europesays.com\/lv\/wp-json\/wp\/v2\/categories?post=105153"},{"taxonomy":"post_tag","embeddable":true,"href":"https:\/\/www.europesays.com\/lv\/wp-json\/wp\/v2\/tags?post=105153"}],"curies":[{"name":"wp","href":"https:\/\/api.w.org\/{rel}","templated":true}]}}