{"id":105155,"date":"2026-01-15T07:55:08","date_gmt":"2026-01-15T07:55:08","guid":{"rendered":"https:\/\/www.europesays.com\/lv\/105155\/"},"modified":"2026-01-15T07:55:08","modified_gmt":"2026-01-15T07:55:08","slug":"vienoti-brivibai-piemines-1991-gada-barikazu-aizstavjus","status":"publish","type":"post","link":"https:\/\/www.europesays.com\/lv\/105155\/","title":{"rendered":"Vienoti br\u012bv\u012bbai: piemin\u0113s 1991. gada barik\u0101\u017eu aizst\u0101vjus"},"content":{"rendered":"<p>                        <img fetchpriority=\"high\" decoding=\"async\" width=\"715\" height=\"477\" src=\"https:\/\/www.europesays.com\/lv\/wp-content\/uploads\/2026\/01\/4E818113-D5DF-4661-AFB1-2EAB3CE3E5DA-1.jpeg\" alt=\"\" class=\"wp-image-669692\" style=\"width:839px;height:auto\"  \/><\/p>\n<p>Atceroties 1991. gada barik\u0101\u017eu laika spraigos un iz\u0161\u0137iro\u0161os notikumus Latvijas v\u0113stur\u0113 un godinot barik\u0101\u017eu aizst\u0101vjus,  no 17. l\u012bdz 21. janv\u0101rim notiks vair\u0101ki atceres pas\u0101kumi.<\/p>\n<p>17. janv\u0101r\u012b Gaujien\u0101 pie Gaujienas Tautas nama notiks pas\u0101kums \u201cBarik\u0101d\u0113m \u2013 35\u201d. Pulksten 14.00 tiks iedegts svin\u012bgais atceres ugunskurs, ko iedegs Gaujienas barik\u0101\u017eu dal\u012bbnieki, simboliski godinot br\u012bv\u012bbas c\u012bn\u012bt\u0101jus un latvie\u0161u tautas vienot\u012bbu. Savuk\u0101rt pulksten 15.00 Gaujienas Tautas nam\u0101 notiks sv\u0113tku koncerts \u201cBarik\u0101d\u0113m \u2013 35\u201d, kura \u012bpa\u0161ais viesis b\u016bs Varis V\u0113tra.<\/p>\n<p>20. janv\u0101r\u012b iedz\u012bvot\u0101ji aicin\u0101ti individu\u0101li piemin\u0113t barik\u0101\u017eu laiku \u2013 aizdegt svec\u012bti savas m\u0101jas log\u0101 un sev piem\u0113rot\u0101 laik\u0101 apmekl\u0113t Zelti\u0146u kapus, lai aizdegtu piemi\u0146as sveces barik\u0101\u017eu aizst\u0101vju atdusas viet\u0101s: P\u0113tera G\u0101r\u0161nieka, Voldem\u0101ra Zari\u0146a, Imanta Paleja, Aivara Zari\u0146a un Vitauta Ru\u0146\u0123a kapos.<\/p>\n<p>Taj\u0101 pa\u0161\u0101 dien\u0101 Al\u016bksn\u0113 pie M\u0101tes t\u0113la tiks iedegts 1991. gada barik\u0101\u017eu aizst\u0101vju atceres dienai velt\u012bts atmi\u0146u ugunskurs. Pulksten 16.00 pie Kolber\u0123a Tautas nama notiks Barik\u0101\u017eu aizst\u0101vju atceres dienas pas\u0101kums, kur\u0101 b\u016bs skat\u0101ms Jaunal\u016bksnie\u0161u veidots multimedi\u0101ls st\u0101sts. Pulksten 18.00 Ilzen\u0113, \u201cMe\u017eroz\u012b\u0161u\u201d m\u0101ju ce\u013ca gal\u0101, notiks Barik\u0101\u017eu aizst\u0101vju 35. gadadienai velt\u012bta atceres p\u0113cpusdiena \u201cM\u016bsu BR\u012aV\u012aBA \u2026\u201d ar Riharda Baranova (Trapene) muzik\u0101lu noska\u0146u, p\u012br\u0101dzi\u0146iem un karstu t\u0113ju.<\/p>\n<p>Ap\u0113 20. janv\u0101r\u012b notiks Barik\u0101\u017eu atceres pas\u0101kums. Pulksten 17.00 Apes Kult\u016bras centr\u0101 tiks demonstr\u0113ta filma \u201cLaika liecinieks\u201d, p\u0113c kuras sekos atmi\u0146u ugunskura iedeg\u0161ana, dziesmas un sarunas. Muzik\u0101lais viesis \u2013 Andris Mi\u010dulis. Visas dienas garum\u0101 Apes Kult\u016bras centra pagalm\u0101 skan\u0113s patriotiska m\u016bzika un degs piemi\u0146as ugunskurs.<\/p>\n<p>21. janv\u0101r\u012b pulksten 10.00 Al\u016bksnes novada muzej\u0101 norisin\u0101sies Barik\u0101\u017eu 35 gadu atceres pas\u0101kums \u201cIzdz\u012bvot Barik\u0101d\u0113s\u201d. Pas\u0101kuma laik\u0101 10. kla\u0161u skol\u0113niem b\u016bs iesp\u0113ja piedal\u012bties izzino\u0161\u0101s aktivit\u0101t\u0113s, kas \u013caus iepaz\u012bt un izjust 1991. gada barik\u0101\u017eu laika notikumus. Kla\u0161u kolekt\u012bvu pieteik\u0161an\u0101s pa t\u0101lruni 25665538.<\/p>\n<p>Barik\u0101des R\u012bg\u0101 s\u0101ka celt 1991. gada 13. janv\u0101ra vakar\u0101, lai aizsarg\u0101tu Augst\u0101k\u0101s padomes \u0113ku, telev\u012bziju, Daugavas tiltus un citus strat\u0113\u0123iski svar\u012bgus objektus. 16. janv\u0101r\u012b aktiviz\u0113j\u0101s OMON vien\u012bba, bet asi\u0146ain\u0101kie notikumi risin\u0101j\u0101s 20. janv\u0101r\u012b, kad tika m\u0113\u0123in\u0101ts ie\u0146emt Iek\u0161lietu ministrijas \u0113ku. Kop\u0161 1997. gada 20. janv\u0101ris Latvij\u0101 ir noteikts par Barik\u0101\u017eu aizst\u0101vju atceres dienu.<\/p>\n","protected":false},"excerpt":{"rendered":"Atceroties 1991. gada barik\u0101\u017eu laika spraigos un iz\u0161\u0137iro\u0161os notikumus Latvijas v\u0113stur\u0113 un godinot barik\u0101\u017eu aizst\u0101vjus, no 17. l\u012bdz&hellip;\n","protected":false},"author":2,"featured_media":105156,"comment_status":"","ping_status":"","sticky":false,"template":"","format":"standard","meta":{"footnotes":""},"categories":[5],"tags":[23,28,29,32,33,22,30,31,35,39,38,36,37,34,40,20,26,27,24,25,21],"class_list":{"0":"post-105155","1":"post","2":"type-post","3":"status-publish","4":"format-standard","5":"has-post-thumbnail","7":"category-aktualitates","8":"tag-aktualitates","9":"tag-breaking-news","10":"tag-breakingnews","11":"tag-featured-news","12":"tag-featurednews","13":"tag-headlines","14":"tag-latest-news","15":"tag-latestnews","16":"tag-latvia","17":"tag-latvian","18":"tag-latviesu","19":"tag-latviesu-valoda","20":"tag-latviesuvaloda","21":"tag-latvija","22":"tag-lv","23":"tag-news","24":"tag-popularakas-zinas","25":"tag-popularakaszinas","26":"tag-top-stories","27":"tag-topstories","28":"tag-zinas"},"share_on_mastodon":{"url":"https:\/\/pubeurope.com\/@lv\/115898045255938161","error":""},"_links":{"self":[{"href":"https:\/\/www.europesays.com\/lv\/wp-json\/wp\/v2\/posts\/105155","targetHints":{"allow":["GET"]}}],"collection":[{"href":"https:\/\/www.europesays.com\/lv\/wp-json\/wp\/v2\/posts"}],"about":[{"href":"https:\/\/www.europesays.com\/lv\/wp-json\/wp\/v2\/types\/post"}],"author":[{"embeddable":true,"href":"https:\/\/www.europesays.com\/lv\/wp-json\/wp\/v2\/users\/2"}],"replies":[{"embeddable":true,"href":"https:\/\/www.europesays.com\/lv\/wp-json\/wp\/v2\/comments?post=105155"}],"version-history":[{"count":0,"href":"https:\/\/www.europesays.com\/lv\/wp-json\/wp\/v2\/posts\/105155\/revisions"}],"wp:featuredmedia":[{"embeddable":true,"href":"https:\/\/www.europesays.com\/lv\/wp-json\/wp\/v2\/media\/105156"}],"wp:attachment":[{"href":"https:\/\/www.europesays.com\/lv\/wp-json\/wp\/v2\/media?parent=105155"}],"wp:term":[{"taxonomy":"category","embeddable":true,"href":"https:\/\/www.europesays.com\/lv\/wp-json\/wp\/v2\/categories?post=105155"},{"taxonomy":"post_tag","embeddable":true,"href":"https:\/\/www.europesays.com\/lv\/wp-json\/wp\/v2\/tags?post=105155"}],"curies":[{"name":"wp","href":"https:\/\/api.w.org\/{rel}","templated":true}]}}