{"id":105165,"date":"2026-01-15T08:01:10","date_gmt":"2026-01-15T08:01:10","guid":{"rendered":"https:\/\/www.europesays.com\/lv\/105165\/"},"modified":"2026-01-15T08:01:10","modified_gmt":"2026-01-15T08:01:10","slug":"celu-satiksmes-negadijums-riga-apstajusies-1-tramvaja-kustiba","status":"publish","type":"post","link":"https:\/\/www.europesays.com\/lv\/105165\/","title":{"rendered":"Ce\u013cu satiksmes negad\u012bjums R\u012bg\u0101: apst\u0101jusies 1. tramvaja kust\u012bba"},"content":{"rendered":"<p class=\"descr\">Noticis ce\u013cu satiksmes negad\u012bjums, kura d\u0113\u013c apst\u0101jusies 1. tramvaja kust\u012bba, zi\u0146o &#8220;R\u012bgas satiksme&#8221; sav\u0101 &#8220;X&#8221; kont\u0101.<\/p>\n<p>Ce\u013cu satiksmes negad\u012bjuma d\u0113\u013c J\u016brmalas gatves un Kurzemes prospekta krustojum\u0101 ir apst\u0101jusies <a href=\"https:\/\/nra.lv\/tautaruna\/kriminali\/459457-1-tramvaja-riga-notiek-kas-briesmigs-iesaista-ari-policiju.htm\" data-item-link=\"true\" data-item-id=\"459457\" rel=\"nofollow noopener\" target=\"_blank\">1. mar\u0161ruta tramvaju kust\u012bba<\/a> abos virzienos.<\/p>\n<blockquote class=\"twitter-tweet\">\n<p lang=\"lv\" dir=\"ltr\">\u2757\ufe0fCe\u013cu satiksmes negad\u012bjuma d\u0113\u013c J\u016brmalas gatves un Kurzemes prospekta krustojum\u0101 ir apst\u0101jusies 1. mar\u0161ruta tramvaju kust\u012bba abos virzienos.<\/p>\n<p>\u2014 R\u012bgas satiksme (@Rigassatiksme_) <a href=\"https:\/\/twitter.com\/Rigassatiksme_\/status\/2011683163257593903?ref_src=twsrc%5Etfw\" rel=\"nofollow noopener\" target=\"_blank\">January 15, 2026<\/a><\/p><\/blockquote>\n<p>Tramvaja kust\u012bba ir atjaunota, ta\u010du &#8220;R\u012bgas satiksme&#8221; br\u012bdina par tramvaju kav\u0113\u0161anos.<\/p>\n<p>\t\t\t\t\t\t\t\t\t\t\t\t\t\t\t\t\t\t\t<script async src=\"https:\/\/platform.twitter.com\/widgets.js\" charset=\"utf-8\"><\/script><\/p>\n","protected":false},"excerpt":{"rendered":"Noticis ce\u013cu satiksmes negad\u012bjums, kura d\u0113\u013c apst\u0101jusies 1. tramvaja kust\u012bba, zi\u0146o &#8220;R\u012bgas satiksme&#8221; sav\u0101 &#8220;X&#8221; kont\u0101. Ce\u013cu satiksmes&hellip;\n","protected":false},"author":2,"featured_media":105166,"comment_status":"","ping_status":"","sticky":false,"template":"","format":"standard","meta":{"footnotes":""},"categories":[5],"tags":[23,28,29,32,33,22,30,31,35,39,38,36,37,34,40,20,26,27,24,25,21],"class_list":{"0":"post-105165","1":"post","2":"type-post","3":"status-publish","4":"format-standard","5":"has-post-thumbnail","7":"category-aktualitates","8":"tag-aktualitates","9":"tag-breaking-news","10":"tag-breakingnews","11":"tag-featured-news","12":"tag-featurednews","13":"tag-headlines","14":"tag-latest-news","15":"tag-latestnews","16":"tag-latvia","17":"tag-latvian","18":"tag-latviesu","19":"tag-latviesu-valoda","20":"tag-latviesuvaloda","21":"tag-latvija","22":"tag-lv","23":"tag-news","24":"tag-popularakas-zinas","25":"tag-popularakaszinas","26":"tag-top-stories","27":"tag-topstories","28":"tag-zinas"},"share_on_mastodon":{"url":"https:\/\/pubeurope.com\/@lv\/115898068779540125","error":""},"_links":{"self":[{"href":"https:\/\/www.europesays.com\/lv\/wp-json\/wp\/v2\/posts\/105165","targetHints":{"allow":["GET"]}}],"collection":[{"href":"https:\/\/www.europesays.com\/lv\/wp-json\/wp\/v2\/posts"}],"about":[{"href":"https:\/\/www.europesays.com\/lv\/wp-json\/wp\/v2\/types\/post"}],"author":[{"embeddable":true,"href":"https:\/\/www.europesays.com\/lv\/wp-json\/wp\/v2\/users\/2"}],"replies":[{"embeddable":true,"href":"https:\/\/www.europesays.com\/lv\/wp-json\/wp\/v2\/comments?post=105165"}],"version-history":[{"count":0,"href":"https:\/\/www.europesays.com\/lv\/wp-json\/wp\/v2\/posts\/105165\/revisions"}],"wp:featuredmedia":[{"embeddable":true,"href":"https:\/\/www.europesays.com\/lv\/wp-json\/wp\/v2\/media\/105166"}],"wp:attachment":[{"href":"https:\/\/www.europesays.com\/lv\/wp-json\/wp\/v2\/media?parent=105165"}],"wp:term":[{"taxonomy":"category","embeddable":true,"href":"https:\/\/www.europesays.com\/lv\/wp-json\/wp\/v2\/categories?post=105165"},{"taxonomy":"post_tag","embeddable":true,"href":"https:\/\/www.europesays.com\/lv\/wp-json\/wp\/v2\/tags?post=105165"}],"curies":[{"name":"wp","href":"https:\/\/api.w.org\/{rel}","templated":true}]}}