{"id":105167,"date":"2026-01-15T08:02:07","date_gmt":"2026-01-15T08:02:07","guid":{"rendered":"https:\/\/www.europesays.com\/lv\/105167\/"},"modified":"2026-01-15T08:02:07","modified_gmt":"2026-01-15T08:02:07","slug":"felikss-kigelis-atzimes-50-jubileju-ar-ipasu-koncertu","status":"publish","type":"post","link":"https:\/\/www.europesays.com\/lv\/105167\/","title":{"rendered":"F\u0113likss \u0136i\u0123elis atz\u012bm\u0113s 50. jubileju ar \u012bpa\u0161u koncertu"},"content":{"rendered":"<p>Koncerts notiks <a href=\"https:\/\/sejas.tvnet.lv\/term\/113409\/vef\" class=\"topicLink\" target=\"_blank\" rel=\"nofollow noopener\">VEF<\/a> Kult\u016bras pil\u012b. S\u0101kums \u2013 19:00. Bi\u013cetes v\u0113l ir pieejamas &#8220;Bi\u013ce\u0161u parad\u012bzes&#8221; kas\u0113s.<\/p>\n<blockquote class=\"quote ck-widget\" contenteditable=\"false\">\n<p>\u201cIr saj\u016bta, ka ir sasniegts t\u0101ds \u013coti noz\u012bm\u012bgs dz\u012bves posms. Tik daudz lielisku dziesmu ir uzrakst\u012bts, tik daudz fantastisku koncertu nosp\u0113l\u0113ts, un ar\u012b ir neiedom\u0101jami veicies man\u0101 karjeras un dz\u012bves ce\u013c\u0101 ar satiktajiem cilv\u0113kiem, ka \u0161\u0137iet tikai lo\u0123iski atz\u012bm\u0113t to ar neatk\u0101rtojamu koncertu,\u201d st\u0101sta pieredz\u0113ju\u0161ais m\u016bzi\u0137is.<\/p>\n<\/blockquote>\n<p>\u201cKoncerts patiesi b\u016bs vienreiz\u0113js \u2013 \u0161\u0101da programma, \u0161\u0101di viesi, sast\u0101vs, aran\u017eijas \u2013 viss, kas notiks uz skatuves, b\u016bs tikai vienu reizi \u2013 26. febru\u0101r\u012b, VEF Kult\u016bras pil\u012b,\u201d t\u0101 m\u0101kslinieks.<\/p>\n<p><a href=\"https:\/\/sejas.tvnet.lv\/term\/560336\/felikss-kigelis\" class=\"topicLink\" target=\"_blank\" rel=\"nofollow noopener\">F\u0113likss \u0136i\u0123elis<\/a> pla\u0161\u0101kai publikai ir paz\u012bstams ar\u012b ar t\u0101d\u0101m par tautas folkloru jau paliku\u0161\u0101m kompoz\u012bcij\u0101m k\u0101 \u201cV\u0113j\u0101\u201d, \u201cTev ir viss, ko es v\u0113los\u201d, \u201cCer\u012bbu laiks\u201d un neskait\u0101m\u0101m cit\u0101m.<\/p>\n<p>Par savu dai\u013cradi F\u0113likss st\u0101sta: \u201cKatram komponistam ir savs rakst\u012b\u0161anas process. Ir dziesmas, kas atn\u0101k \u013coti \u0101tri un aiziet uzreiz rot\u0101cij\u0101, ir dziesmas, kas dz\u012bvo galv\u0101 vai k\u0101d\u0101 demo ierakst\u0101, l\u012bdz nobriest un tad non\u0101k pie klaus\u012bt\u0101jiem. Citas dziesmas gad\u0101s t\u0101das, ka jau rakst\u012b\u0161anas proces\u0101 es j\u016btu \u2013 \u0161\u012b ir k\u0101dam no draugiem. Un, protams, v\u0113l ir \u201cciet\u0101 diska superhiti\u201d &#8211; dziesmas, kas nekad netiek t\u0101l\u0101k par manu datoru.\u201d<\/p>\n","protected":false},"excerpt":{"rendered":"Koncerts notiks VEF Kult\u016bras pil\u012b. S\u0101kums \u2013 19:00. Bi\u013cetes v\u0113l ir pieejamas &#8220;Bi\u013ce\u0161u parad\u012bzes&#8221; kas\u0113s. \u201cIr saj\u016bta, ka&hellip;\n","protected":false},"author":2,"featured_media":105168,"comment_status":"","ping_status":"","sticky":false,"template":"","format":"standard","meta":{"footnotes":""},"categories":[19],"tags":[89,15292,90,2017,35,39,38,36,37,34,40,103,9740],"class_list":{"0":"post-105167","1":"post","2":"type-post","3":"status-publish","4":"format-standard","5":"has-post-thumbnail","7":"category-izklaide","8":"tag-entertainment","9":"tag-felikss-kigelis","10":"tag-izklaide","11":"tag-koncerti","12":"tag-latvia","13":"tag-latvian","14":"tag-latviesu","15":"tag-latviesu-valoda","16":"tag-latviesuvaloda","17":"tag-latvija","18":"tag-lv","19":"tag-muzika","20":"tag-vef"},"share_on_mastodon":{"url":"https:\/\/pubeurope.com\/@lv\/115898072707286547","error":""},"_links":{"self":[{"href":"https:\/\/www.europesays.com\/lv\/wp-json\/wp\/v2\/posts\/105167","targetHints":{"allow":["GET"]}}],"collection":[{"href":"https:\/\/www.europesays.com\/lv\/wp-json\/wp\/v2\/posts"}],"about":[{"href":"https:\/\/www.europesays.com\/lv\/wp-json\/wp\/v2\/types\/post"}],"author":[{"embeddable":true,"href":"https:\/\/www.europesays.com\/lv\/wp-json\/wp\/v2\/users\/2"}],"replies":[{"embeddable":true,"href":"https:\/\/www.europesays.com\/lv\/wp-json\/wp\/v2\/comments?post=105167"}],"version-history":[{"count":0,"href":"https:\/\/www.europesays.com\/lv\/wp-json\/wp\/v2\/posts\/105167\/revisions"}],"wp:featuredmedia":[{"embeddable":true,"href":"https:\/\/www.europesays.com\/lv\/wp-json\/wp\/v2\/media\/105168"}],"wp:attachment":[{"href":"https:\/\/www.europesays.com\/lv\/wp-json\/wp\/v2\/media?parent=105167"}],"wp:term":[{"taxonomy":"category","embeddable":true,"href":"https:\/\/www.europesays.com\/lv\/wp-json\/wp\/v2\/categories?post=105167"},{"taxonomy":"post_tag","embeddable":true,"href":"https:\/\/www.europesays.com\/lv\/wp-json\/wp\/v2\/tags?post=105167"}],"curies":[{"name":"wp","href":"https:\/\/api.w.org\/{rel}","templated":true}]}}