{"id":105188,"date":"2026-01-15T08:19:19","date_gmt":"2026-01-15T08:19:19","guid":{"rendered":"https:\/\/www.europesays.com\/lv\/105188\/"},"modified":"2026-01-15T08:19:19","modified_gmt":"2026-01-15T08:19:19","slug":"valdiba-ir-apnemibas-pilna-rast-risinajumus-jautajumos-par-pedagogu-algu","status":"publish","type":"post","link":"https:\/\/www.europesays.com\/lv\/105188\/","title":{"rendered":"Vald\u012bba ir ap\u0146\u0113m\u012bbas pilna rast risin\u0101jumus jaut\u0101jumos par pedagogu algu"},"content":{"rendered":"<p>Saska\u0146\u0101 ar r\u012bkojum\u0101 noteikto, jaut\u0101jumu par papildu finans\u0113juma pie\u0161\u0137ir\u0161anu 2027. gadam un turpm\u0101k paredz\u0113ts izskat\u012bt MK likumprojekta &#8220;Par valsts bud\u017eetu 2027. gadam un bud\u017eeta ietvaru 2027., 2028., 2029. un 2030. gadam&#8221; izstr\u0101des proces\u0101.<\/p>\n<p>Lai nodro\u0161in\u0101tu Izgl\u012bt\u012bbas un zin\u0101tnes ministrijas indikat\u012bvi apr\u0113\u0137in\u0101to papildu nepiecie\u0161amo finans\u0113jumu pedagogu zem\u0101k\u0101s darba samaksas likmes pieauguma grafikam 2027.-2030. gad\u0101, paredz\u0113ts veikt publisk\u0101 sektora izdevumu samazin\u0101jumu, funkciju p\u0101rskat\u012b\u0161anu un procesu efektiviz\u0101ciju, prioritiz\u0113jot izgl\u012bt\u012bbas sektoru, k\u0101 ar\u012b \u0146emt v\u0113r\u0101 skolu t\u012bkla optimiz\u0101cijas, izgl\u012btojamo un pedagogu skaita izmai\u0146u finansi\u0101lo ietekmi.<\/p>\n<p>T\u0101d\u0113j\u0101di FDP konstat\u0113jusi MK l\u0113muma neatbilst\u012bbu FDL pras\u012bb\u0101m, kuras nosaka &#8211; ja MK iesniedz Saeim\u0101 izskat\u012b\u0161anai likumprojektu, kas izraisa noteikto kori\u0123\u0113to maksim\u0101li pie\u013caujamo valsts bud\u017eeta izdevumu p\u0101rsniegumu, vai kas izraisa pl\u0101noto valsts bud\u017eeta ie\u0146\u0113mumu samazin\u0101jumu, MK vienlaikus iesniedz Saeimai ar\u012b likumprojektu vai likumprojektus, kas paredz izdevumu pieauguma vai ie\u0146\u0113mumu samazin\u0101juma kompens\u0113\u0161anu. Kompens\u0113\u0161ana notiek, palielinot ie\u0146\u0113mumus vai samazinot izdevumus.<\/p>\n<p>Neapstr\u012bdot pedagogu zem\u0101k\u0101s darba samaksas likmes pieauguma nepiecie\u0161am\u012bbu, FDP nor\u0101da, ka ir ar\u012b j\u0101iev\u0113ro ES un nacion\u0101lais fisk\u0101lais regul\u0113jums. \u0160obr\u012bd sp\u0113k\u0101 ir jaunie ES fisk\u0101lie noteikumi &#8211; Stabilit\u0101tes un izaugsmes pakts. Tie nosaka stingr\u0101kas pras\u012bbas attiec\u012bb\u0101 uz valsts bud\u017eeta izdevumu pieaugumu.<\/p>\n<p>T\u0101pat FDP atg\u0101dina, ka ES Padome 2025. gada 21. janv\u0101r\u012b apstiprin\u0101ja Latvijas Fisk\u0101li struktur\u0101lo pl\u0101nu 2025.-2028. gadam, kur\u0101 noteikta konkr\u0113ta un saisto\u0161a izdevumu pieauguma trajektorija. \u0160\u012b trajektorija, kop\u0101 ar FDL pras\u012bb\u0101m, ir oblig\u0101ts ietvars valsts bud\u017eeta izdevumu pl\u0101no\u0161anai, uzsver FDP.<\/p>\n","protected":false},"excerpt":{"rendered":"Saska\u0146\u0101 ar r\u012bkojum\u0101 noteikto, jaut\u0101jumu par papildu finans\u0113juma pie\u0161\u0137ir\u0161anu 2027. gadam un turpm\u0101k paredz\u0113ts izskat\u012bt MK likumprojekta &#8220;Par&hellip;\n","protected":false},"author":2,"featured_media":105189,"comment_status":"","ping_status":"","sticky":false,"template":"","format":"standard","meta":{"footnotes":""},"categories":[5],"tags":[23,28,29,32,33,22,30,31,35,39,38,36,37,34,40,20,5178,26,27,1913,24,25,21],"class_list":{"0":"post-105188","1":"post","2":"type-post","3":"status-publish","4":"format-standard","5":"has-post-thumbnail","7":"category-aktualitates","8":"tag-aktualitates","9":"tag-breaking-news","10":"tag-breakingnews","11":"tag-featured-news","12":"tag-featurednews","13":"tag-headlines","14":"tag-latest-news","15":"tag-latestnews","16":"tag-latvia","17":"tag-latvian","18":"tag-latviesu","19":"tag-latviesu-valoda","20":"tag-latviesuvaloda","21":"tag-latvija","22":"tag-lv","23":"tag-news","24":"tag-pedagogi","25":"tag-popularakas-zinas","26":"tag-popularakaszinas","27":"tag-skolas-un-izglitiba","28":"tag-top-stories","29":"tag-topstories","30":"tag-zinas"},"share_on_mastodon":{"url":"https:\/\/pubeurope.com\/@lv\/115898139545716984","error":""},"_links":{"self":[{"href":"https:\/\/www.europesays.com\/lv\/wp-json\/wp\/v2\/posts\/105188","targetHints":{"allow":["GET"]}}],"collection":[{"href":"https:\/\/www.europesays.com\/lv\/wp-json\/wp\/v2\/posts"}],"about":[{"href":"https:\/\/www.europesays.com\/lv\/wp-json\/wp\/v2\/types\/post"}],"author":[{"embeddable":true,"href":"https:\/\/www.europesays.com\/lv\/wp-json\/wp\/v2\/users\/2"}],"replies":[{"embeddable":true,"href":"https:\/\/www.europesays.com\/lv\/wp-json\/wp\/v2\/comments?post=105188"}],"version-history":[{"count":0,"href":"https:\/\/www.europesays.com\/lv\/wp-json\/wp\/v2\/posts\/105188\/revisions"}],"wp:featuredmedia":[{"embeddable":true,"href":"https:\/\/www.europesays.com\/lv\/wp-json\/wp\/v2\/media\/105189"}],"wp:attachment":[{"href":"https:\/\/www.europesays.com\/lv\/wp-json\/wp\/v2\/media?parent=105188"}],"wp:term":[{"taxonomy":"category","embeddable":true,"href":"https:\/\/www.europesays.com\/lv\/wp-json\/wp\/v2\/categories?post=105188"},{"taxonomy":"post_tag","embeddable":true,"href":"https:\/\/www.europesays.com\/lv\/wp-json\/wp\/v2\/tags?post=105188"}],"curies":[{"name":"wp","href":"https:\/\/api.w.org\/{rel}","templated":true}]}}