{"id":105192,"date":"2026-01-15T08:21:06","date_gmt":"2026-01-15T08:21:06","guid":{"rendered":"https:\/\/www.europesays.com\/lv\/105192\/"},"modified":"2026-01-15T08:21:06","modified_gmt":"2026-01-15T08:21:06","slug":"man-loti-patika-slidot-tik-lielai-auditorijai-raksts-2","status":"publish","type":"post","link":"https:\/\/www.europesays.com\/lv\/105192\/","title":{"rendered":"Man \u013coti patika slidot tik lielai auditorijai \/ Raksts"},"content":{"rendered":"<p>Anglijas pils\u0113t\u0101 \u0160ef\u012bld\u0101 aizvad\u012bta pirm\u0101 diena Eiropas \u010dempion\u0101t\u0101 dai\u013cslido\u0161an\u0101, kur savu debiju piedz\u012bvoja Latvijas sportiste Nikola Fom\u010denkova. Lai gan \u012bsaj\u0101 solo programm\u0101 vi\u0146a ierindoj\u0101s 37. viet\u0101 38 d\u0101mu konkurenc\u0113, intervij\u0101 Latvijas Telev\u012bzijai atzina, ka ir apmierin\u0101ta ar par\u0101d\u012bto sniegumu.\u00a0<\/p>\n<p>Fom\u010denkovai sacens\u012bbu diena bija \u013coti gara, jo jau pulksten 8.00 no r\u012bta bija treni\u0146\u0161, savuk\u0101rt starts Eiropas \u010dempion\u0101t\u0101 vien tikai pa\u0161\u0101 vakar\u0101. &#8220;Man treni\u0146\u0101 kl\u0101j\u0101s \u013coti slikti un baid\u012bjos iziet uz ledus \u012bsaj\u0101 programm\u0101, bet beig\u0101s nebija tik traki, k\u0101 biju iedom\u0101jusies. Visi l\u0113cieni bija gandr\u012bz labi, un tas man bija galvenais,&#8221; atkl\u0101j sportiste.\u00a0<\/p>\n<p>P\u0113c sava priek\u0161nesuma Fom\u010denkova sev dusm\u012bgi piesita pie pieres, p\u0101rdz\u012bvojot par piedz\u012bvoto kritienu. &#8220;Tas notika programmas beig\u0101s, un t\u0101 bija stulba k\u013c\u016bda, es \u013coti p\u0101rdz\u012bvoju,&#8221; atz\u012bst debitante. Vi\u0146a, gatavojoties lielajam uzn\u0101cienam, atkl\u0101ja, ka centusies ietur\u0113t t\u0101du pa\u0161u rut\u012bnu k\u0101 jebkur\u0101s sacens\u012bb\u0101s, kas \u013c\u0101vis tikt gal\u0101 ar stresu.\u00a0<\/p>\n<p>18 gadus vecajai sportistei priek\u0161\u0101 ar\u012b citi p\u0101rbaud\u012bjumi, piem\u0113ram, m\u0101c\u012bbas vidusskol\u0101, ta\u010du vi\u0146a atkl\u0101ja, ka uzst\u0101\u0161an\u0101s \u0161\u0101da ranga sacens\u012bb\u0101s vi\u0146u iedvesmoju\u0161as turpin\u0101t dai\u013cslidot\u0101jas karjeru un ka cent\u012bsies to apvienot ar skolu.\u00a0<\/p>\n<p>Kupl\u0101ks dal\u012bbnieku skaits Latvijai b\u016bs v\u012brie\u0161u konkurenc\u0113, kur ceturtdien \u012bsaj\u0101 programm\u0101 start\u0113s pieredz\u0113ju\u0161ais Deniss Vasi\u013cjevs un Fedirs Ku\u013ci\u0161s, kam t\u0101s b\u016bs pirm\u0101s sacens\u012bbas p\u0113c Latvijas pilson\u012bbas ieg\u016b\u0161anas.\u00a0<\/p>\n<p>Izv\u0113les programma sieviet\u0113m un v\u012brie\u0161iem b\u016bs attiec\u012bgi piektdien un sestdien. Eiropas \u010dempion\u0101ts, kur meda\u013cniekus noteiks ar\u012b deju p\u0101ru konkurenc\u0113, Lielbrit\u0101nij\u0101 nosl\u0113gsies sv\u0113tdien ar paraugdemonstr\u0113jumiem.<\/p>\n<p>                    Valodas k\u013c\u016bda rakst\u0101?<\/p>\n<p class=\"d-none d-md-block\">Iez\u012bm\u0113jiet tekstu un spiediet Ctrl+Enter, lai nos\u016bt\u012btu labojamo teksta fragmentu redaktoram! Par faktu k\u013c\u016bd\u0101m l\u016bdzam zi\u0146ot e-past\u0101 <a href=\"https:\/\/www.lsm.lv\/cdn-cgi\/l\/email-protection\" class=\"__cf_email__\" data-cfemail=\"b4c6d1d0d5dfd7ddded5f4d8c7d99ad8c2\" rel=\"nofollow noopener\" target=\"_blank\">[email\u00a0protected]<\/a>.<\/p>\n<p class=\"d-md-none\">Iez\u012bm\u0113jiet tekstu un spiediet uz Zi\u0146ot par k\u013c\u016bdu pogas, lai nos\u016bt\u012btu labojamo teksta fragmentu redaktoram!<\/p>\n<p>\n                    Zi\u0146ot par k\u013c\u016bdu\n                <\/p>\n","protected":false},"excerpt":{"rendered":"Anglijas pils\u0113t\u0101 \u0160ef\u012bld\u0101 aizvad\u012bta pirm\u0101 diena Eiropas \u010dempion\u0101t\u0101 dai\u013cslido\u0161an\u0101, kur savu debiju piedz\u012bvoja Latvijas sportiste Nikola Fom\u010denkova. Lai&hellip;\n","protected":false},"author":2,"featured_media":105148,"comment_status":"","ping_status":"","sticky":false,"template":"","format":"standard","meta":{"footnotes":""},"categories":[17],"tags":[35,39,38,36,37,34,40,67],"class_list":{"0":"post-105192","1":"post","2":"type-post","3":"status-publish","4":"format-standard","5":"has-post-thumbnail","7":"category-sports","8":"tag-latvia","9":"tag-latvian","10":"tag-latviesu","11":"tag-latviesu-valoda","12":"tag-latviesuvaloda","13":"tag-latvija","14":"tag-lv","15":"tag-sports"},"share_on_mastodon":{"url":"https:\/\/pubeurope.com\/@lv\/115898147282294644","error":""},"_links":{"self":[{"href":"https:\/\/www.europesays.com\/lv\/wp-json\/wp\/v2\/posts\/105192","targetHints":{"allow":["GET"]}}],"collection":[{"href":"https:\/\/www.europesays.com\/lv\/wp-json\/wp\/v2\/posts"}],"about":[{"href":"https:\/\/www.europesays.com\/lv\/wp-json\/wp\/v2\/types\/post"}],"author":[{"embeddable":true,"href":"https:\/\/www.europesays.com\/lv\/wp-json\/wp\/v2\/users\/2"}],"replies":[{"embeddable":true,"href":"https:\/\/www.europesays.com\/lv\/wp-json\/wp\/v2\/comments?post=105192"}],"version-history":[{"count":0,"href":"https:\/\/www.europesays.com\/lv\/wp-json\/wp\/v2\/posts\/105192\/revisions"}],"wp:featuredmedia":[{"embeddable":true,"href":"https:\/\/www.europesays.com\/lv\/wp-json\/wp\/v2\/media\/105148"}],"wp:attachment":[{"href":"https:\/\/www.europesays.com\/lv\/wp-json\/wp\/v2\/media?parent=105192"}],"wp:term":[{"taxonomy":"category","embeddable":true,"href":"https:\/\/www.europesays.com\/lv\/wp-json\/wp\/v2\/categories?post=105192"},{"taxonomy":"post_tag","embeddable":true,"href":"https:\/\/www.europesays.com\/lv\/wp-json\/wp\/v2\/tags?post=105192"}],"curies":[{"name":"wp","href":"https:\/\/api.w.org\/{rel}","templated":true}]}}