{"id":105193,"date":"2026-01-15T08:24:14","date_gmt":"2026-01-15T08:24:14","guid":{"rendered":"https:\/\/www.europesays.com\/lv\/105193\/"},"modified":"2026-01-15T08:24:14","modified_gmt":"2026-01-15T08:24:14","slug":"donoru-atsauciba-sasniedz-jaunu-rekordu","status":"publish","type":"post","link":"https:\/\/www.europesays.com\/lv\/105193\/","title":{"rendered":"Donoru atsauc\u012bba sasniedz jaunu rekordu"},"content":{"rendered":"<p class=\"descr\">Pag\u0101ju\u0161ais gads Latvij\u0101 iez\u012bm\u0113jies ar \u012bpa\u0161i lielu sabiedr\u012bbas atsauc\u012bbu \u2013 sasniegta liel\u0101k\u0101 asinsdonoru aktivit\u0101te p\u0113d\u0113jo 13 gadu laik\u0101, liecina Valsts asinsdonoru centra (VADC) apkopot\u0101 inform\u0101cija. Vis\u0101 Latvij\u0101 pilnasinis ziedotas 63 707 reizes, kas ir par 1\u00a0375 reiz\u0113m vair\u0101k nek\u0101 gadu iepriek\u0161.<\/p>\n<p>Pieaudzis kop\u0113jais donoru skaits &#8211; no 35 t\u016bkst. 2024. gad\u0101 uz 36 t\u016bkst. p\u0113rn. Tom\u0113r audzis ar\u012b \u0101rstniec\u012bbas iest\u0101\u017eu piepras\u012bjums p\u0113c asin\u012bm. \u012apa\u0161i svar\u012bgi ir izcelt 0\u2011 asins grupas piepras\u012bjuma pieaugumu &#8211; par 9%. \u0160\u012b asins grupa ir univers\u0101la un sal\u012bdzino\u0161i reta, t\u0101p\u0113c 0\u2011 donori vienm\u0113r ir \u012bpa\u0161i nepiecie\u0161ami un gaid\u012bti.<\/p>\n<p>Vair\u0101k nek\u0101 puse no vis\u0101m <a href=\"https:\/\/nra.lv\/birka\/asins\/\" rel=\"nofollow noopener\" target=\"_blank\">asins<\/a> dev\u0101m p\u0113rn sagatavota VADC izbraukumos. 2025. gad\u0101 centrs devies 813 izbraukumos, no tiem 263 ar specializ\u0113to autobusu. Str\u0101d\u0101jot tuv\u0101k cilv\u0113kiem, VADC sp\u0113j nodro\u0161in\u0101t nepiecie\u0161amos asins kr\u0101jumus vis\u0101 Latvij\u0101.<\/p>\n<p>\u201cAsins ziedo\u0161ana ir viens no skaist\u0101kajiem solidarit\u0101tes piem\u0113riem m\u016bsu sabiedr\u012bb\u0101. Donori pier\u0101da, ka mums r\u016bp l\u012bdzcilv\u0113ki, kurus m\u0113s pat nepaz\u012bstam. J\u016bsu atsauc\u012bba pal\u012bdz \u0101rstiem gl\u0101bt dz\u012bv\u012bbas ik dienu, un t\u0101 ir neizm\u0113r\u0101ma v\u0113rt\u012bba. Paldies ikvienam, kur\u0161 atrod laiku un drosmi ziedot,\u201d uzsver VADC direktore Egita Pole.<\/p>\n<p>VADC aicina ikvienu atsaukties un sniegt pal\u012bdz\u012bbu jau \u0161obr\u012bd, jo \u0101rstniec\u012bbas iest\u0101d\u0113s cilv\u0113ki turpina c\u012bn\u012bties par savu dz\u012bv\u012bbu, un donoru atbalsts var izr\u0101d\u012bties iz\u0161\u0137iro\u0161s! \u0160obr\u012bd gaid\u012bti visu asinsgrupu donori, \u012bpa\u0161i 0- un A-!<\/p>\n<p><a href=\"https:\/\/nra.lv\/birka\/asinsdonoru-centrs\/\" rel=\"nofollow noopener\" target=\"_blank\">VADC<\/a> aicina asins ziedo\u0161anai pievienoties ar\u012b jaunie\u0161us. Asins ziedo\u0161ana ir \u0101tra, dro\u0161a un pal\u012bdz uztur\u0113t vesel\u012bgu asinsriti, ta\u010du pats svar\u012bg\u0101kais &#8211; bez donoriem nav iesp\u0113jams gl\u0101bt cilv\u0113kus, kuri non\u0101ku\u0161i nelaim\u0113.<\/p>\n<p>2025. gad\u0101 vid\u0113jais donora vecums bija 39 gadi, bet pirmo reizi visbie\u017e\u0101k ziedot n\u0101ca 31 gada vecum\u0101. Jaunie\u0161i aicin\u0101ti k\u013c\u016bt par donoriem jebkur\u0101 laik\u0101, jo asinis nepiecie\u0161amas nep\u0101rtraukti.<\/p>\n<p><a href=\"https:\/\/nra.lv\/birka\/vadc\/\" rel=\"nofollow noopener\" target=\"_blank\">VADC<\/a> aicina donorus<a href=\"https:\/\/nra.lv\/birka\/asins-ziedosana\/\" rel=\"nofollow noopener\" target=\"_blank\"> ziedot asinis<\/a> k\u0101d\u0101 no past\u0101v\u012bgaj\u0101m asins ziedo\u0161anas viet\u0101m vai izbraukumos, aktu\u0101lajai inform\u0101cijai sekojot l\u012bdzi t\u012bmek\u013cvietn\u0113 www.donors.lv vai soci\u0101lajos medijos Facebook, X un Instagram.<\/p>\n<p>  <img decoding=\"async\" style=\"max-width: 600px;\" src=\"https:\/\/www.europesays.com\/lv\/wp-content\/uploads\/2026\/01\/784263_bd6a7712e7.jpg\" alt=\"\"\/> <\/p>\n<p class=\"descr-author\">Foto: publicit\u0101tes<\/p>\n<p>\t\t\t\t\t\tinfo<\/p>\n<p>Uzzini pirmais<br \/>kas interesants noticis Latvij\u0101 un pasaul\u0113,<br \/>pievienojoties mums <a href=\"https:\/\/t.me\/neatkariga\" rel=\"nofollow\">Telegram<\/a> vai <a href=\"https:\/\/whatsapp.com\/channel\/0029VaMLFUH5K3zLU5s4wm3y\" rel=\"nofollow noopener\" target=\"_blank\">Whatsapp<\/a> kan\u0101l\u0101<\/p>\n","protected":false},"excerpt":{"rendered":"Pag\u0101ju\u0161ais gads Latvij\u0101 iez\u012bm\u0113jies ar \u012bpa\u0161i lielu sabiedr\u012bbas atsauc\u012bbu \u2013 sasniegta liel\u0101k\u0101 asinsdonoru aktivit\u0101te p\u0113d\u0113jo 13 gadu laik\u0101,&hellip;\n","protected":false},"author":2,"featured_media":105194,"comment_status":"","ping_status":"","sticky":false,"template":"","format":"standard","meta":{"footnotes":""},"categories":[12],"tags":[23,28,29,32,33,22,30,31,35,39,38,36,37,34,40,20,26,27,24,25,21],"class_list":{"0":"post-105193","1":"post","2":"type-post","3":"status-publish","4":"format-standard","5":"has-post-thumbnail","7":"category-latvija","8":"tag-aktualitates","9":"tag-breaking-news","10":"tag-breakingnews","11":"tag-featured-news","12":"tag-featurednews","13":"tag-headlines","14":"tag-latest-news","15":"tag-latestnews","16":"tag-latvia","17":"tag-latvian","18":"tag-latviesu","19":"tag-latviesu-valoda","20":"tag-latviesuvaloda","21":"tag-latvija","22":"tag-lv","23":"tag-news","24":"tag-popularakas-zinas","25":"tag-popularakaszinas","26":"tag-top-stories","27":"tag-topstories","28":"tag-zinas"},"share_on_mastodon":{"url":"https:\/\/pubeurope.com\/@lv\/115898159150793920","error":""},"_links":{"self":[{"href":"https:\/\/www.europesays.com\/lv\/wp-json\/wp\/v2\/posts\/105193","targetHints":{"allow":["GET"]}}],"collection":[{"href":"https:\/\/www.europesays.com\/lv\/wp-json\/wp\/v2\/posts"}],"about":[{"href":"https:\/\/www.europesays.com\/lv\/wp-json\/wp\/v2\/types\/post"}],"author":[{"embeddable":true,"href":"https:\/\/www.europesays.com\/lv\/wp-json\/wp\/v2\/users\/2"}],"replies":[{"embeddable":true,"href":"https:\/\/www.europesays.com\/lv\/wp-json\/wp\/v2\/comments?post=105193"}],"version-history":[{"count":0,"href":"https:\/\/www.europesays.com\/lv\/wp-json\/wp\/v2\/posts\/105193\/revisions"}],"wp:featuredmedia":[{"embeddable":true,"href":"https:\/\/www.europesays.com\/lv\/wp-json\/wp\/v2\/media\/105194"}],"wp:attachment":[{"href":"https:\/\/www.europesays.com\/lv\/wp-json\/wp\/v2\/media?parent=105193"}],"wp:term":[{"taxonomy":"category","embeddable":true,"href":"https:\/\/www.europesays.com\/lv\/wp-json\/wp\/v2\/categories?post=105193"},{"taxonomy":"post_tag","embeddable":true,"href":"https:\/\/www.europesays.com\/lv\/wp-json\/wp\/v2\/tags?post=105193"}],"curies":[{"name":"wp","href":"https:\/\/api.w.org\/{rel}","templated":true}]}}