{"id":105195,"date":"2026-01-15T08:25:07","date_gmt":"2026-01-15T08:25:07","guid":{"rendered":"https:\/\/www.europesays.com\/lv\/105195\/"},"modified":"2026-01-15T08:25:07","modified_gmt":"2026-01-15T08:25:07","slug":"mihaels-sumahers-jaunaka-informacija-par-veselibu-un-gimeni","status":"publish","type":"post","link":"https:\/\/www.europesays.com\/lv\/105195\/","title":{"rendered":"Mihaels \u0160\u016bmahers: jaun\u0101k\u0101 inform\u0101cija par vesel\u012bbu un \u0123imeni"},"content":{"rendered":"<p class=\"descr\">Ir pag\u0101ju\u0161i divpadsmit gadi kop\u0161 t\u0101s likten\u012bg\u0101s dienas, 2013. gada 29. decembra, kad Formula 1 le\u0123enda Mihaels \u0160\u016bmahers guva smagu galvas traumu sl\u0113po\u0161anas k\u016brort\u0101. Kop\u0161 t\u0101 laika inform\u0101cija par vi\u0146a st\u0101vokli ir bijusi visstingr\u0101k glab\u0101tais nosl\u0113pums motosporta pasaul\u0113.<\/p>\n<blockquote><p>Tikai viens fakts ir skaidri zin\u0101ms: \u0160\u016bmahers ir dz\u012bvs. Tom\u0113r, saska\u0146\u0101 ar zi\u0146ojumiem, septi\u0146k\u0101rt\u0113jais \u010dempions ir piesaist\u012bts gultai un nesp\u0113j run\u0101t. 15 medic\u012bnas speci\u0101listu person\u0101ls par vi\u0146u r\u016bp\u0113jas cauru diennakti vi\u0146a \u0123imenes vill\u0101 \u0160veic\u0113.<\/p><\/blockquote>\n<p>Sportista dro\u0161\u012bba un priv\u0101tums p\u0113d\u0113j\u0101 laik\u0101 tiek regul\u0101ri apsriesti. Nesen \u0123imene bija iesaist\u012bta seksa skand\u0101l\u0101: vill\u0101 str\u0101d\u0101jo\u0161a medm\u0101sa zi\u0146oja, ka \u0160\u016bmahera d\u0113la draugs vi\u0146u izvarojis. Vienlaikus tika izbeigta pla\u0161a m\u0113roga \u0161ant\u0101\u017eas lieta. Biju\u0161ais apsargs no m\u0101jas nozaga 1500 fotogr\u0101fijas, 200 videoierakstus un Mihaela konfidenci\u0101los medic\u012bniskos ierakstus. Vi\u0146\u0161 un vi\u0146a l\u012bdzdal\u012bbnieki bija piepras\u012bju\u0161i no \u0123imenes 15 miljonus eiro, bet p\u0113c tam, kad Korinna \u0160\u016bmahere sazin\u0101j\u0101s ar policiju, visi vain\u012bgie tika arest\u0113ti.<\/p>\n<p>P\u0113c \u0161iem incidentiem \u0160\u016bmahera uztic\u012bbas personu loks ir sarucis l\u012bdz minimumam. Saska\u0146\u0101 ar Bild zi\u0146\u0101m, tikai devi\u0146iem cilv\u0113kiem ir piek\u013cuve Mihaelam: vi\u0146a sievai Korinnai, b\u0113rniem Mikam un D\u017e\u012bnai Marijai, biju\u0161ajam mened\u017eerim Sab\u012bnei K\u0113mai un biju\u0161ajiem Ferrari kol\u0113\u0123iem un draugiem: \u017danam Todam, Rosam Braunam, Gerhardam Bergeram, Felipem Masai un Lukam Badoeram.<\/p>\n<p>No \u0161\u012b neliel\u0101 loka tikai \u017dans Tods laiku pa laikam at\u013caujas \u012bsus koment\u0101rus, kas diem\u017e\u0113l nerada optimismu:<\/p>\n<p>&#8220;Mihaels ir \u0161eit, t\u0101p\u0113c man vi\u0146a nepietr\u016bkst. Bet vi\u0146\u0161 vienk\u0101r\u0161i vairs nav tas pats Mihaels, k\u0101ds bija agr\u0101k. Vi\u0146\u0161 ir cit\u0101d\u0101ks. Vi\u0146a dz\u012bve tagad ir main\u012bjusies, un man ir privil\u0113\u0123ija dal\u012bties \u0161ajos br\u012b\u017eos ar vi\u0146u. Nav ko vair\u0101k teikt. Diem\u017e\u0113l vi\u0146\u0161 vairs nav tas Mihaels, k\u0101du m\u0113s pazin\u0101m Formul\u0101 1,&#8221; sac\u012bja Tods.<\/p>\n","protected":false},"excerpt":{"rendered":"Ir pag\u0101ju\u0161i divpadsmit gadi kop\u0161 t\u0101s likten\u012bg\u0101s dienas, 2013. gada 29. decembra, kad Formula 1 le\u0123enda Mihaels \u0160\u016bmahers&hellip;\n","protected":false},"author":2,"featured_media":105196,"comment_status":"","ping_status":"","sticky":false,"template":"","format":"standard","meta":{"footnotes":""},"categories":[5],"tags":[23,28,29,32,33,22,30,31,35,39,38,36,37,34,40,20,26,27,24,25,21],"class_list":{"0":"post-105195","1":"post","2":"type-post","3":"status-publish","4":"format-standard","5":"has-post-thumbnail","7":"category-aktualitates","8":"tag-aktualitates","9":"tag-breaking-news","10":"tag-breakingnews","11":"tag-featured-news","12":"tag-featurednews","13":"tag-headlines","14":"tag-latest-news","15":"tag-latestnews","16":"tag-latvia","17":"tag-latvian","18":"tag-latviesu","19":"tag-latviesu-valoda","20":"tag-latviesuvaloda","21":"tag-latvija","22":"tag-lv","23":"tag-news","24":"tag-popularakas-zinas","25":"tag-popularakaszinas","26":"tag-top-stories","27":"tag-topstories","28":"tag-zinas"},"share_on_mastodon":{"url":"https:\/\/pubeurope.com\/@lv\/115898163111362051","error":""},"_links":{"self":[{"href":"https:\/\/www.europesays.com\/lv\/wp-json\/wp\/v2\/posts\/105195","targetHints":{"allow":["GET"]}}],"collection":[{"href":"https:\/\/www.europesays.com\/lv\/wp-json\/wp\/v2\/posts"}],"about":[{"href":"https:\/\/www.europesays.com\/lv\/wp-json\/wp\/v2\/types\/post"}],"author":[{"embeddable":true,"href":"https:\/\/www.europesays.com\/lv\/wp-json\/wp\/v2\/users\/2"}],"replies":[{"embeddable":true,"href":"https:\/\/www.europesays.com\/lv\/wp-json\/wp\/v2\/comments?post=105195"}],"version-history":[{"count":0,"href":"https:\/\/www.europesays.com\/lv\/wp-json\/wp\/v2\/posts\/105195\/revisions"}],"wp:featuredmedia":[{"embeddable":true,"href":"https:\/\/www.europesays.com\/lv\/wp-json\/wp\/v2\/media\/105196"}],"wp:attachment":[{"href":"https:\/\/www.europesays.com\/lv\/wp-json\/wp\/v2\/media?parent=105195"}],"wp:term":[{"taxonomy":"category","embeddable":true,"href":"https:\/\/www.europesays.com\/lv\/wp-json\/wp\/v2\/categories?post=105195"},{"taxonomy":"post_tag","embeddable":true,"href":"https:\/\/www.europesays.com\/lv\/wp-json\/wp\/v2\/tags?post=105195"}],"curies":[{"name":"wp","href":"https:\/\/api.w.org\/{rel}","templated":true}]}}