{"id":105197,"date":"2026-01-15T08:26:07","date_gmt":"2026-01-15T08:26:07","guid":{"rendered":"https:\/\/www.europesays.com\/lv\/105197\/"},"modified":"2026-01-15T08:26:07","modified_gmt":"2026-01-15T08:26:07","slug":"dziedataja-agnesse-prezente-savu-pieteikumu-eirovizijai","status":"publish","type":"post","link":"https:\/\/www.europesays.com\/lv\/105197\/","title":{"rendered":"Dzied\u0101t\u0101ja Agnesse prezent\u0113 savu pieteikumu \u201cEirov\u012bzijai\u201d"},"content":{"rendered":"<p>Agnesse, \u012bstaj\u0101 v\u0101rd\u0101 Agnese Stengrevica, dziesmas raksta, balstoties uz savu dz\u012bves pieredzi. \u201cManupr\u0101t, t\u0101s ir vissirsn\u012bg\u0101k\u0101s,\u201d \u201c900 sekund\u0113s saka Agnesse. Jaun\u0101 dziesmas \u201cOh My My\u201d nav iz\u0146\u0113mums. T\u0101 v\u0113sta par atbr\u012bvo\u0161anos no citu gaid\u0101m \u2013 no spiediena izpatikt, iek\u013cauties vai dz\u012bvot p\u0113c k\u0101da cita v\u0113lm\u0113m un uzskatiem.<\/p>\n<p>\u201cOh My My\u201d tapusi dziesmu rakst\u012b\u0161anas nometn\u0113 \u0160veic\u0113, sadarbojoties ar D\u017eeikobu Markmanu (Jacob Markman), Berl\u012bn\u0113 dz\u012bvojo\u0161u elektronisk\u0101s m\u016bzikas producentu un izpild\u012bt\u0101ju, un Gilbertu Gauci (Gilbert Gauci) \u2013 autoru no Maltas, kur\u0161 raksta m\u016bziku gan izpild\u012bt\u0101jiem, gan TV \u0161oviem.<\/p>\n<p>Agnesse st\u0101sta, ka ies\u0101kum\u0101 nebija pl\u0101na dziesmu iesniegt \u201cEirov\u012bzijas\u201d nacion\u0101lajai atlasei. Bet, kad bija \u0160veic\u0113, kop\u0101 ar dziesmu autoriem skat\u012bj\u0101s \u201cEirov\u012bziju\u201d, dzied\u0101t\u0101ju uz to pamudin\u0101ja viens no dziesmas autoriem Gilberts, kur\u0161 ir liels \u201cEirov\u012bzijas\u201d fans. \u201cEs padom\u0101ju un sac\u012bju \u2013 labi, \u0161\u0137iet, ka labi iek\u013causies kontekst\u0101,\u201d atminas Agnesse.<\/p>\n<p>\u201cEirov\u012bzijas\u201d nacion\u0101l\u0101s atlases pusfin\u0101li notiks 31. janv\u0101r\u012b un 7. febru\u0101r\u012b, savuk\u0101rt fin\u0101ls norisin\u0101sies 14. febru\u0101r\u012b.<\/p>\n<p class=\"tv3-fw-500\">Zi\u0146o par k\u013c\u016bdu rakst\u0101<\/p>\n<p class=\"d-md-block d-none\">Iez\u012bm\u0113 k\u013c\u016bdaino tekstu un spied Ctrl+Enter.<\/p>\n<p class=\"d-md-none d-block\">Iez\u012bm\u0113 k\u013c\u016bdaino tekstu un zi\u0146o par to!<\/p>\n","protected":false},"excerpt":{"rendered":"Agnesse, \u012bstaj\u0101 v\u0101rd\u0101 Agnese Stengrevica, dziesmas raksta, balstoties uz savu dz\u012bves pieredzi. \u201cManupr\u0101t, t\u0101s ir vissirsn\u012bg\u0101k\u0101s,\u201d \u201c900 sekund\u0113s&hellip;\n","protected":false},"author":2,"featured_media":105198,"comment_status":"","ping_status":"","sticky":false,"template":"","format":"standard","meta":{"footnotes":""},"categories":[19],"tags":[25231,89,90,35,39,38,36,37,34,40],"class_list":{"0":"post-105197","1":"post","2":"type-post","3":"status-publish","4":"format-standard","5":"has-post-thumbnail","7":"category-izklaide","8":"tag-agnesseeirovizija","9":"tag-entertainment","10":"tag-izklaide","11":"tag-latvia","12":"tag-latvian","13":"tag-latviesu","14":"tag-latviesu-valoda","15":"tag-latviesuvaloda","16":"tag-latvija","17":"tag-lv"},"share_on_mastodon":{"url":"https:\/\/pubeurope.com\/@lv\/115898167069996860","error":""},"_links":{"self":[{"href":"https:\/\/www.europesays.com\/lv\/wp-json\/wp\/v2\/posts\/105197","targetHints":{"allow":["GET"]}}],"collection":[{"href":"https:\/\/www.europesays.com\/lv\/wp-json\/wp\/v2\/posts"}],"about":[{"href":"https:\/\/www.europesays.com\/lv\/wp-json\/wp\/v2\/types\/post"}],"author":[{"embeddable":true,"href":"https:\/\/www.europesays.com\/lv\/wp-json\/wp\/v2\/users\/2"}],"replies":[{"embeddable":true,"href":"https:\/\/www.europesays.com\/lv\/wp-json\/wp\/v2\/comments?post=105197"}],"version-history":[{"count":0,"href":"https:\/\/www.europesays.com\/lv\/wp-json\/wp\/v2\/posts\/105197\/revisions"}],"wp:featuredmedia":[{"embeddable":true,"href":"https:\/\/www.europesays.com\/lv\/wp-json\/wp\/v2\/media\/105198"}],"wp:attachment":[{"href":"https:\/\/www.europesays.com\/lv\/wp-json\/wp\/v2\/media?parent=105197"}],"wp:term":[{"taxonomy":"category","embeddable":true,"href":"https:\/\/www.europesays.com\/lv\/wp-json\/wp\/v2\/categories?post=105197"},{"taxonomy":"post_tag","embeddable":true,"href":"https:\/\/www.europesays.com\/lv\/wp-json\/wp\/v2\/tags?post=105197"}],"curies":[{"name":"wp","href":"https:\/\/api.w.org\/{rel}","templated":true}]}}