{"id":105199,"date":"2026-01-15T08:27:07","date_gmt":"2026-01-15T08:27:07","guid":{"rendered":"https:\/\/www.europesays.com\/lv\/105199\/"},"modified":"2026-01-15T08:27:07","modified_gmt":"2026-01-15T08:27:07","slug":"afrikas-naciju-kausa-finala-ieklust-senegalas-un-marokas-izlases","status":"publish","type":"post","link":"https:\/\/www.europesays.com\/lv\/105199\/","title":{"rendered":"\u0100frikas N\u0101ciju kausa fin\u0101l\u0101 iek\u013c\u016bst Seneg\u0101las un Marokas izlases"},"content":{"rendered":"<p>Savuk\u0101rt otraj\u0101 pusfin\u0101la duel\u012b turn\u012bra m\u0101jinieki Marokas izlase 11 metru sitienu s\u0113rij\u0101 ar 4:2 p\u0101rsp\u0113ja Nig\u0113riju. Pamatlaik\u0101 un papildlaik\u0101 v\u0101rti netika g\u016bti, bet p\u0113csp\u0113les sitienos marok\u0101\u0146u v\u0101rtsargs Jasins Bon\u016b atvair\u012bja divas bumbas, kam\u0113r nig\u0113rie\u0161u v\u0101rtsargs Stenlijs Nvabali \u2013 vienu.<\/p>\n<p>Sestdien c\u012b\u0146\u0101 par bronzas godalg\u0101m Nig\u0113rijas izlase Kasablank\u0101 sp\u0113l\u0113s ar \u0113\u0123iptie\u0161iem, bet sv\u0113tdien fin\u0101ls notiks Rab\u0101t\u0101.<\/p>\n<p>Marokas izlase \u0100frikas N\u0101ciju kausa izc\u012b\u0146\u0101 triumf\u0113jusi vienu reizi \u2013 1976. gad\u0101, bet 2004. gad\u0101 fin\u0101l\u0101 ar 1:2 zaud\u0113ja Tunisijai. Tikm\u0113r Seneg\u0101las izlase ir 2021. gada turn\u012bra uzvar\u0113t\u0101ja, k\u0101 ar\u012b 2002. un 2019. gada vice\u010dempione.<\/p>\n<p>\u0100frikas N\u0101ciju kausa izc\u012b\u0146a tiek aizvad\u012bta jau 35. reizi. 2024. gad\u0101 par uzvar\u0113t\u0101ju k\u013cuva Kotdivu\u0101ras izlase, kas fin\u0101l\u0101 ar 2:1 apsp\u0113l\u0113ja Nig\u0113riju, tre\u0161o reizi v\u0113stur\u0113 triumf\u0113jot turn\u012br\u0101.<\/p>\n<p>Titul\u0113t\u0101k\u0101 \u0100frikas N\u0101ciju kausa izc\u012b\u0146as komanda ir \u0112\u0123ipte, kas triumf\u0113jusi septi\u0146as reizes.<\/p>\n<p class=\"tv3-fw-500\">Zi\u0146o par k\u013c\u016bdu rakst\u0101<\/p>\n<p class=\"d-md-block d-none\">Iez\u012bm\u0113 k\u013c\u016bdaino tekstu un spied Ctrl+Enter.<\/p>\n<p class=\"d-md-none d-block\">Iez\u012bm\u0113 k\u013c\u016bdaino tekstu un zi\u0146o par to!<\/p>\n","protected":false},"excerpt":{"rendered":"Savuk\u0101rt otraj\u0101 pusfin\u0101la duel\u012b turn\u012bra m\u0101jinieki Marokas izlase 11 metru sitienu s\u0113rij\u0101 ar 4:2 p\u0101rsp\u0113ja Nig\u0113riju. Pamatlaik\u0101 un&hellip;\n","protected":false},"author":2,"featured_media":105200,"comment_status":"","ping_status":"","sticky":false,"template":"","format":"standard","meta":{"footnotes":""},"categories":[17],"tags":[25232,35,39,38,36,37,34,40,67],"class_list":{"0":"post-105199","1":"post","2":"type-post","3":"status-publish","4":"format-standard","5":"has-post-thumbnail","7":"category-sports","8":"tag-afrikas-naciju-kaussmarokas-izlase-futbolasenegalas-futbola-izlase","9":"tag-latvia","10":"tag-latvian","11":"tag-latviesu","12":"tag-latviesu-valoda","13":"tag-latviesuvaloda","14":"tag-latvija","15":"tag-lv","16":"tag-sports"},"share_on_mastodon":{"url":"https:\/\/pubeurope.com\/@lv\/115898170925629151","error":""},"_links":{"self":[{"href":"https:\/\/www.europesays.com\/lv\/wp-json\/wp\/v2\/posts\/105199","targetHints":{"allow":["GET"]}}],"collection":[{"href":"https:\/\/www.europesays.com\/lv\/wp-json\/wp\/v2\/posts"}],"about":[{"href":"https:\/\/www.europesays.com\/lv\/wp-json\/wp\/v2\/types\/post"}],"author":[{"embeddable":true,"href":"https:\/\/www.europesays.com\/lv\/wp-json\/wp\/v2\/users\/2"}],"replies":[{"embeddable":true,"href":"https:\/\/www.europesays.com\/lv\/wp-json\/wp\/v2\/comments?post=105199"}],"version-history":[{"count":0,"href":"https:\/\/www.europesays.com\/lv\/wp-json\/wp\/v2\/posts\/105199\/revisions"}],"wp:featuredmedia":[{"embeddable":true,"href":"https:\/\/www.europesays.com\/lv\/wp-json\/wp\/v2\/media\/105200"}],"wp:attachment":[{"href":"https:\/\/www.europesays.com\/lv\/wp-json\/wp\/v2\/media?parent=105199"}],"wp:term":[{"taxonomy":"category","embeddable":true,"href":"https:\/\/www.europesays.com\/lv\/wp-json\/wp\/v2\/categories?post=105199"},{"taxonomy":"post_tag","embeddable":true,"href":"https:\/\/www.europesays.com\/lv\/wp-json\/wp\/v2\/tags?post=105199"}],"curies":[{"name":"wp","href":"https:\/\/api.w.org\/{rel}","templated":true}]}}