{"id":105203,"date":"2026-01-15T08:31:08","date_gmt":"2026-01-15T08:31:08","guid":{"rendered":"https:\/\/www.europesays.com\/lv\/105203\/"},"modified":"2026-01-15T08:31:08","modified_gmt":"2026-01-15T08:31:08","slug":"atsakas-pasakumu-cikls-muzejs-iedvesmo-ar-mikrofonu-un-bloknotu","status":"publish","type":"post","link":"https:\/\/www.europesays.com\/lv\/105203\/","title":{"rendered":"Ats\u0101kas pas\u0101kumu cikls \u00a0\u201cMuzejs iedvesmo. Ar mikrofonu un bloknotu\u201d\u00a0"},"content":{"rendered":"<p>22.janv\u0101r\u012b plkst. 14.00 rakstnieka Herberta Dorbes muzej\u0101 (\u0112rg\u013cu iel\u0101 1) ats\u0101ksies pas\u0101kumu cikls \u201cMuzejs iedvesmo. Ar mikrofonu un bloknotu\u201d.<\/p>\n<p>\u0160aj\u0101 tik\u0161an\u0101s reiz\u0113 apmekl\u0113t\u0101jiem b\u016bs iesp\u0113ja noskat\u012bties kino \u017eurn\u0101la \u201cPadomju Latvija\u201d 1951. gada j\u016bnija Nr. 23 fragmentus, kuru re\u017eisore ir Ada Neretniece.<\/p>\n<p>Viens no kino \u017eurn\u0101la si\u017eetiem velt\u012bts Ventspils zvejnieku kolhoza \u201cSarkan\u0101 B\u0101ka\u201d zvejnieku darbam (operators Mihails \u0160neiderovs). T\u0101pat tiks demonstr\u0113ti v\u0113l tr\u012bs si\u017eeti: par rakstniekam Maksimam Gorkijam velt\u012btu izst\u0101di R\u012bg\u0101 (operators Vadims Vere\u0161\u010daks), par elektrific\u0113t\u0101s dzelzce\u013ca l\u012bnijas Dubulti\u2013Sloka atkl\u0101\u0161anu (operators Mihails \u0160neiderovs) un par bur\u0101\u0161anas regati Lielup\u0113 (operators Vadims Mass).<\/p>\n<p>Pas\u0101kums pied\u0101v\u0101 unik\u0101lu iesp\u0113ju iel\u016bkoties 20. gadsimta vidus dokument\u0101laj\u0101 kino, atkl\u0101jot t\u0101 laika ikdienu, darba vidi un kult\u016bras notikumus.<\/p>\n<p>Ieeja pas\u0101kum\u0101 \u2013 bez maksas.<\/p>\n<p>Inform\u0113jam, ka Ventspils muzeja pas\u0101kumu laik\u0101 inform\u0101cijas atkl\u0101t\u012bbas nodro\u0161in\u0101\u0161anai un ilustrat\u012bvi m\u0101kslinieciskiem m\u0113r\u0137iem, publicit\u0101tei, m\u0101rketingam un intervij\u0101m, var tikt veikta fotograf\u0113\u0161ana, video vai audiovizu\u0101la fiks\u0101cija. Fotoatt\u0113li un video var tikt izvietoti Ventspils muzeja port\u0101l\u0101 <a href=\"http:\/\/www.muzejs.ventspils.lv\" rel=\"nofollow noopener\" target=\"_blank\">www.muzejs.ventspils.lv<\/a>, <a href=\"http:\/\/www.ventspils.lv\" rel=\"nofollow noopener\" target=\"_blank\">www.ventspils.lv<\/a>\u00a0 k\u0101 ar\u012b soci\u0101lajos t\u012bklos Facebook, Instagram.<\/p>\n","protected":false},"excerpt":{"rendered":"22.janv\u0101r\u012b plkst. 14.00 rakstnieka Herberta Dorbes muzej\u0101 (\u0112rg\u013cu iel\u0101 1) ats\u0101ksies pas\u0101kumu cikls \u201cMuzejs iedvesmo. Ar mikrofonu un&hellip;\n","protected":false},"author":2,"featured_media":105204,"comment_status":"","ping_status":"","sticky":false,"template":"","format":"standard","meta":{"footnotes":""},"categories":[5],"tags":[23,28,29,32,33,22,30,31,35,39,38,36,37,34,40,20,26,27,24,25,21],"class_list":{"0":"post-105203","1":"post","2":"type-post","3":"status-publish","4":"format-standard","5":"has-post-thumbnail","7":"category-aktualitates","8":"tag-aktualitates","9":"tag-breaking-news","10":"tag-breakingnews","11":"tag-featured-news","12":"tag-featurednews","13":"tag-headlines","14":"tag-latest-news","15":"tag-latestnews","16":"tag-latvia","17":"tag-latvian","18":"tag-latviesu","19":"tag-latviesu-valoda","20":"tag-latviesuvaloda","21":"tag-latvija","22":"tag-lv","23":"tag-news","24":"tag-popularakas-zinas","25":"tag-popularakaszinas","26":"tag-top-stories","27":"tag-topstories","28":"tag-zinas"},"share_on_mastodon":{"url":"https:\/\/pubeurope.com\/@lv\/115898186790585463","error":""},"_links":{"self":[{"href":"https:\/\/www.europesays.com\/lv\/wp-json\/wp\/v2\/posts\/105203","targetHints":{"allow":["GET"]}}],"collection":[{"href":"https:\/\/www.europesays.com\/lv\/wp-json\/wp\/v2\/posts"}],"about":[{"href":"https:\/\/www.europesays.com\/lv\/wp-json\/wp\/v2\/types\/post"}],"author":[{"embeddable":true,"href":"https:\/\/www.europesays.com\/lv\/wp-json\/wp\/v2\/users\/2"}],"replies":[{"embeddable":true,"href":"https:\/\/www.europesays.com\/lv\/wp-json\/wp\/v2\/comments?post=105203"}],"version-history":[{"count":0,"href":"https:\/\/www.europesays.com\/lv\/wp-json\/wp\/v2\/posts\/105203\/revisions"}],"wp:featuredmedia":[{"embeddable":true,"href":"https:\/\/www.europesays.com\/lv\/wp-json\/wp\/v2\/media\/105204"}],"wp:attachment":[{"href":"https:\/\/www.europesays.com\/lv\/wp-json\/wp\/v2\/media?parent=105203"}],"wp:term":[{"taxonomy":"category","embeddable":true,"href":"https:\/\/www.europesays.com\/lv\/wp-json\/wp\/v2\/categories?post=105203"},{"taxonomy":"post_tag","embeddable":true,"href":"https:\/\/www.europesays.com\/lv\/wp-json\/wp\/v2\/tags?post=105203"}],"curies":[{"name":"wp","href":"https:\/\/api.w.org\/{rel}","templated":true}]}}