{"id":105205,"date":"2026-01-15T08:32:17","date_gmt":"2026-01-15T08:32:17","guid":{"rendered":"https:\/\/www.europesays.com\/lv\/105205\/"},"modified":"2026-01-15T08:32:17","modified_gmt":"2026-01-15T08:32:17","slug":"latvijas-sabiedriska-medija-konkursa-latvijas-jaunais-virtuozs-noskaidroti-sesi-finalisti-raksts","status":"publish","type":"post","link":"https:\/\/www.europesays.com\/lv\/105205\/","title":{"rendered":"Latvijas Sabiedrisk\u0101 medija konkurs\u0101 \u00abLatvijas jaunais virtuozs\u00bb noskaidroti se\u0161i fin\u0101listi \/ Raksts"},"content":{"rendered":"<p>Latvijas Sabiedrisk\u0101 medija (LSM) konkurs\u0101 &#8220;Latvijas jaunais virtuozs&#8221; noskaidroti se\u0161i fin\u0101listi. Fin\u0101ls b\u016bs skat\u0101ms 15.\u00a0febru\u0101r\u012b pulksten 18.30 LTV1 un REplay.lv, k\u0101 ar\u012b dzirdams Latvijas Radio 3 &#8220;Klasika&#8221;, un taj\u0101 tiks noteikts uzvar\u0113t\u0101js, kur\u0161 p\u0101rst\u0101v\u0113s Latviju starptautiskaj\u0101 konkurs\u0101 &#8220;Eirov\u012bzijas jaunie m\u016bzi\u0137i&#8221; 2026.\u00a0gada 6.\u00a0j\u016bnij\u0101 Erev\u0101n\u0101, Arm\u0113nij\u0101, inform\u0113 konkursa r\u012bkot\u0101ji.\u00a0<\/p>\n<p style=\"margin-left:0cm; margin-right:0cm\">Dal\u012bbnieku atlase un noklaus\u012b\u0161an\u0101s notika 2026.\u00a0gada 14.\u00a0janv\u0101r\u012b, kandid\u0101ti izpild\u012bja divus klasisk\u0101s m\u016bzikas ska\u0146darbus. \u017d\u016brija, ko veido klasisk\u0101s m\u016bzikas eksperti un LSM p\u0101rst\u0101vji, atlas\u012bja se\u0161us izcil\u0101kos fin\u0101listus.\u00a0<\/p>\n<p style=\"margin-left:0cm; margin-right:0cm\">LSM nacion\u0101laj\u0101 atlas\u0113 tika uzrun\u0101ti jaunie m\u016bzi\u0137i no profesion\u0101l\u0101s m\u016bzikas izgl\u012bt\u012bbas iest\u0101d\u0113m vair\u0101k\u0101s Latvijas pils\u0113t\u0101s \u2013 R\u012bg\u0101, C\u0113s\u012bs, Daugavpil\u012b, R\u0113zekn\u0113, Ventspil\u012b, Jelgav\u0101, J\u016brmal\u0101 un Liep\u0101j\u0101. No katras izgl\u012bt\u012bbas iest\u0101des tika izvirz\u012bti divi kandid\u0101ti, kurus izraudz\u012bj\u0101s pedagogi un iest\u0101\u017eu vad\u012bba.\u00a0<\/p>\n<blockquote>\n<p style=\"margin-left:0cm; margin-right:0cm\">Konkursa fin\u0101ls 15. febru\u0101r\u012b pulksten 18.30 b\u016bs skat\u0101ms LTV1 un REplay.lv, k\u0101 ar\u012b dzirdans Latvijas Radio 3 &#8220;Klasika&#8221;, kur jaunie m\u016bzi\u0137i uzst\u0101sies kop\u0101 ar kameror\u0137estri &#8220;Sinfonietta R\u012bga&#8221;.\u00a0<\/p>\n<\/blockquote>\n<p style=\"margin-left:0cm; margin-right:0cm\">Latvijas nacion\u0101l\u0101s atlases fin\u0101l\u0101 or\u0137estra pavad\u012bjumu nodro\u0161in\u0101s &#8220;Sinfonietta R\u012bga&#8221; diri\u0123enta Normunda\u00a0\u0160n\u0113 vad\u012bb\u0101. Savuk\u0101rt vad\u012bt\u0101jas lom\u0101 iejut\u012bsies Latvijas Telev\u012bzijas (LTV) person\u012bba Elizabete Liepa.<\/p>\n<p style=\"margin-left:0cm; margin-right:0cm\">&#8220;Prieks, ka p\u0113c daudziem gadiem Latvija atgrie\u017eas Eiropas m\u016bzikas kult\u016br\u0101 jaunajiem m\u016bzi\u0137iem \u013coti noz\u012bm\u012bg\u0101 konkurs\u0101. Telev\u012bzijas pied\u0101v\u0101t\u0101s iesp\u0113jas paver jauna ce\u013ca s\u0101kumu m\u016bsu jaunajiem talantiem.<\/p>\n<blockquote>\n<p style=\"margin-left:0cm; margin-right:0cm\">Esmu saj\u016bsm\u0101 par iesp\u0113ju b\u016bt uz skatuves kameru priek\u0161\u0101 kop\u0101 ar m\u016bsu valsts izpild\u012bt\u0101jm\u0101kslas n\u0101kotnes lielaj\u0101m cer\u012bb\u0101m,&#8221;\u00a0<\/p>\n<\/blockquote>\n<p style=\"margin-left:0cm; margin-right:0cm\">teic kameror\u0137estra &#8220;Sinfonietta R\u012bga&#8221; diri\u0123ents Normunds \u0160n\u0113.<\/p>\n<p style=\"margin-left:0cm; margin-right:0cm\">&#8220;M\u0113s esam iepazinu\u0161i 16 lieliskus jaunos m\u016bzi\u0137us, instrument\u0101listus, kuru vid\u016b ir st\u012bginstrumentu un p\u016b\u0161aminstrumentu p\u0101rst\u0101vji, tr\u012bs akordeonisti, \u010detri sitaminstrument\u0101listi, kuriem l\u012bdz\u0101s start\u0113ja tikai divi pianisti un ar\u012b viens \u0123it\u0101rists. Visi jaunie\u0161i ir \u013coti muzik\u0101li, priek\u0161nesumi bija augst\u0101 tehniskaj\u0101 l\u012bmen\u012b, un jaunie\u0161u sniegums bija \u013coti p\u0101rliecino\u0161s. \u0160\u012b pirm\u0101 atlase tie\u0161\u0101m iedvesmo m\u016bs, konkursa \u017e\u016briju, un noteikti iedvesmos ar\u012b konkursa telev\u012bzijas skat\u012bt\u0101jus. Esam ieliku\u0161i labu pamatu turpm\u0101kajam darbam un ceram, ka konkursa p\u0101rraide mudin\u0101s jaunie\u0161us v\u0113l akt\u012bv\u0101k pieteikties un m\u0101c\u012bties m\u016bzikas skol\u0101s,&#8221; st\u0101sta LTV Kult\u016bras redakcijas vad\u012bt\u0101ja Ieva Rozent\u0101le.\u00a0<\/p>\n<p style=\"margin-left:0cm; margin-right:0cm\">Konkursa fin\u0101listi (alfab\u0113ta sec\u012bb\u0101):<\/p>\n<p style=\"margin-left:0cm; margin-right:0cm\">Antons Piz\u0101ns \u2013 Sta\u0146islava Broka Daugavpils M\u016bzikas vidusskolas akordeona sp\u0113les noda\u013cas audz\u0113knis. Vi\u0146\u0161 regul\u0101ri piedal\u0101s skolas, pils\u0113tas, valsts un starptautiska m\u0113roga koncertos, konkursos un festiv\u0101los, uzst\u0101joties gan k\u0101 solists, gan ansamb\u013cu un or\u0137estru sast\u0101vos. Antona muzik\u0101l\u0101 pieredze ietver dal\u012bbu da\u017e\u0101dos kameransamb\u013cu un or\u0137estra projektos, kas veicin\u0101ju\u0161i vi\u0146a tehnisko un muzik\u0101lo att\u012bst\u012bbu. M\u016bzi\u0137is ir ieguvis godalgotas vietas vair\u0101kos Latvijas un starptautiskos akordeonistu konkursos.<\/p>\n<p style=\"margin-left:0cm; margin-right:0cm\">\n<p>            <img decoding=\"async\" src=\"https:\/\/www.europesays.com\/lv\/wp-content\/uploads\/2026\/01\/sgtr.jpg\" alt=\"Antons Piz\u0101ns\"\/><\/p>\n<p>Antons Piz\u0101ns<\/p>\n<p>Foto: Lauris V\u012bksne \/ LSM<\/p>\n<\/p>\n<p style=\"margin-left:0cm; margin-right:0cm\">Je\u013cena Jasju\u013ca\u0146eca \u2013 akordeoniste, Jelgavas M\u016bzikas vidusskolas 4. kursa audz\u0113kne. Akordeona sp\u0113li vi\u0146a apg\u016bst kop\u0161 agras b\u0113rn\u012bbas un regul\u0101ri koncert\u0113 Jelgav\u0101 un re\u0123ion\u0101, uzst\u0101joties gan solo, gan ansamb\u013cu sast\u0101vos. Je\u013cena ir piedal\u012bjusies un guvusi pan\u0101kumus vair\u0101kos Latvijas un starptautiskos akordeonistu konkursos, k\u0101 ar\u012b festiv\u0101los un meistarklas\u0113s. Vi\u0146as pieredze ietver muzic\u0113\u0161anu kop\u0101 ar da\u017e\u0101diem or\u0137estriem un dal\u012bbu profesion\u0101los koncertprojektos. Paral\u0113li studij\u0101m vi\u0146a akt\u012bvi pilnveido savu profesion\u0101lo meistar\u012bbu un iesaist\u0101s jaunos muzik\u0101los projektos.<\/p>\n<p style=\"margin-left:0cm; margin-right:0cm\">\n<p>            <img decoding=\"async\" src=\"https:\/\/www.europesays.com\/lv\/wp-content\/uploads\/2026\/01\/sgtq.jpg\" alt=\"Je\u013cena Jasju\u013ca\u0146eca\"\/><\/p>\n<p>Je\u013cena Jasju\u013ca\u0146eca<\/p>\n<p>Foto: Lauris V\u012bksne \/ LSM<\/p>\n<\/p>\n<p style=\"margin-left:0cm; margin-right:0cm\">Kristi\u0101ns Gorbatko \u2013 \u010dellists, m\u0101c\u0101s Jelgavas M\u016bzikas vidusskol\u0101 profesion\u0101l\u0101s vid\u0113j\u0101s izgl\u012bt\u012bbas programm\u0101 &#8220;St\u012bgu instrumentu sp\u0113le \u2013 \u010della sp\u0113le&#8221;. Kristi\u0101ns ir piedal\u012bjies vair\u0101kos starptautiskos konkursos Eirop\u0101, kuros ieguvis augstas godalgas, tostarp pirm\u0101s vietas un &#8220;Grand Prix&#8221;. Vi\u0146a koncertpieredze un konkursu pan\u0101kumi apliecina m\u0113r\u0137tiec\u012bgu profesion\u0101lo izaugsmi \u010della sp\u0113les specialit\u0101t\u0113, nor\u0101da \u017e\u016brija.<\/p>\n<p style=\"margin-left:0cm; margin-right:0cm\">\n<p>            <img decoding=\"async\" src=\"https:\/\/www.europesays.com\/lv\/wp-content\/uploads\/2026\/01\/sgtp.jpg\" alt=\"Kristi\u0101ns Gorbatko\"\/><\/p>\n<p>Kristi\u0101ns Gorbatko<\/p>\n<p>Foto: Lauris V\u012bksne \/ LSM<\/p>\n<\/p>\n<p style=\"margin-left:0cm; margin-right:0cm\">Oskars Tamans \u2013 sitaminstrument\u0101lists no Sta\u0146islava Broka Daugavpils M\u016bzikas vidusskolas. Oskars ir guvis augstus rezult\u0101tus valsts un re\u0123ion\u0101la m\u0113roga konkursos, tostarp ieg\u016bstot &#8220;Grand Prix&#8221; konkursos &#8220;Naujene Wind&#8221; un godalgotas vietas citos m\u016bzikas konkursos. Vi\u0146\u0161 akt\u012bvi muzic\u0113 da\u017e\u0101dos ansamb\u013cos, darbojoties k\u0101 sitaminstrumentu sp\u0113l\u0113t\u0101js Daugavpils Vien\u012bbas nama akordeonistu or\u0137estr\u012b un Sta\u0146islava Broka Daugavpils M\u016bzikas vidusskolas m\u0101c\u012bbu kameransambl\u012b &#8220;Delicia&#8221;.<\/p>\n<p style=\"margin-left:0cm; margin-right:0cm\">\n<p>            <img decoding=\"async\" src=\"https:\/\/www.europesays.com\/lv\/wp-content\/uploads\/2026\/01\/sgto.jpg\" alt=\"Oskars Tamans\"\/><\/p>\n<p>Oskars Tamans<\/p>\n<p>Foto: Lauris V\u012bksne \/ LSM<\/p>\n<\/p>\n<p style=\"margin-left:0cm; margin-right:0cm\">Pauls Stradi\u0146\u0161 \u2013 sitaminstrument\u0101lists un J\u0101zepa Medi\u0146a R\u012bgas M\u016bzikas vidusskolas audz\u0113knis. Paral\u0113li m\u0101c\u012bb\u0101m m\u016bzikas vidusskol\u0101 vi\u0146\u0161 m\u0113r\u0137tiec\u012bgi att\u012bsta ar\u012b citas rado\u0161\u0101s un tehnisk\u0101s prasmes, veidojot daudzpus\u012bgu profesion\u0101lo redz\u0113jumu, uzsver \u017e\u016brijas p\u0101rst\u0101vji.\u00a0Pauls ir piedal\u012bjies valsts un starptautiska m\u0113roga konkursos, kuros guvis augstus rezult\u0101tus sitaminstrumentu sp\u0113les kategorij\u0101, tostarp ieg\u016bstot &#8220;Grand Prix&#8221; un pirm\u0101s vietas.<\/p>\n<p style=\"margin-left:0cm; margin-right:0cm\">\n<p>            <img decoding=\"async\" src=\"https:\/\/www.europesays.com\/lv\/wp-content\/uploads\/2026\/01\/sgtn.jpg\" alt=\"Pauls Stradi\u0146\u0161\"\/><\/p>\n<p>Pauls Stradi\u0146\u0161<\/p>\n<p>Foto: Lauris V\u012bksne \/ LSM<\/p>\n<\/p>\n<p style=\"margin-left:0cm; margin-right:0cm\">Sonja Misi\u0146a \u2013 sitaminstrument\u0101liste, zin\u0101\u0161anas apguvusi Em\u012bla D\u0101rzi\u0146a M\u016bzikas vidusskol\u0101 un turpina izgl\u012bt\u012bbu Ventspils M\u016bzikas vidusskol\u0101. Sonja ir ieguvusi godalgotas vietas valsts un starptautiskos konkursos, tostarp Valda Vikma\u0146a jauno atska\u0146ot\u0101jm\u0101kslinieku konkurs\u0101 un konkurs\u0101 &#8220;Ineses Galantes talanti&#8221;. Vi\u0146as skatuves pieredze ietver solistes uzst\u0101\u0161anos ar or\u0137estri Liep\u0101jas Zvaig\u017e\u0146u festiv\u0101la atkl\u0101\u0161anas koncert\u0101, koncertus Dzintaru koncertz\u0101l\u0113, k\u0101 ar\u012b dal\u012bbu da\u017e\u0101dos starpdisciplin\u0101ros un laikmet\u012bg\u0101s m\u016bzikas projektos.<\/p>\n<p style=\"margin-left:0cm; margin-right:0cm\">\n<p>            <img decoding=\"async\" src=\"https:\/\/www.europesays.com\/lv\/wp-content\/uploads\/2026\/01\/sgtm.jpg\" alt=\"Sonja Misi\u0146a\"\/><\/p>\n<p>Sonja Misi\u0146a<\/p>\n<p>Foto: Lauris V\u012bksne \/ LSM<\/p>\n<\/p>\n<p style=\"margin-left:0cm; margin-right:0cm\">Par konkursu &#8220;Eirov\u012bzijas jaunie m\u016bzi\u0137i&#8221;<\/p>\n<p style=\"margin-left:0cm; margin-right:0cm\">Kop\u0161 1982. gada starptautiskais konkurss &#8220;Eirov\u012bzijas jaunie m\u016bzi\u0137i&#8221; pulc\u0113 Eiropas izcil\u0101kos jaunos m\u016bzi\u0137us. Taj\u0101 piedal\u0101s Eiropas valstu jaunie talanti vecum\u0101 no 12 l\u012bdz 21 gadam, uzst\u0101joties ar solo priek\u0161nesumiem kop\u0101 ar simfonisko or\u0137estri. Konkursa laure\u0101ti ieg\u016bst starptautisku atpaz\u012bstam\u012bbu un iesp\u0113ju uzst\u0101ties noz\u012bm\u012bgos koncertos un festiv\u0101los, veidojot pirmos so\u013cus profesion\u0101laj\u0101 karjer\u0101.<\/p>\n<p style=\"margin-left:0cm; margin-right:0cm\">Iepriek\u0161\u0113jais konkurss notika 2024. gad\u0101 Norv\u0113\u0123ijas pils\u0113t\u0101 B\u016bd\u0113, kas tobr\u012bd bija Eiropas kult\u016bras galvaspils\u0113ta, un taj\u0101 piedal\u012bj\u0101s 11 valstis. Latvija konkurs\u0101 start\u0113jusi piecas reizes \u2013 no 1994. l\u012bdz 2002. gadam, un lab\u0101kais rezult\u0101ts sasniegts debijas gad\u0101, kad pianiste Liene Circene izc\u012bn\u012bja 2.\u00a0vietu.<\/p>\n","protected":false},"excerpt":{"rendered":"Latvijas Sabiedrisk\u0101 medija (LSM) konkurs\u0101 &#8220;Latvijas jaunais virtuozs&#8221; noskaidroti se\u0161i fin\u0101listi. Fin\u0101ls b\u016bs skat\u0101ms 15.\u00a0febru\u0101r\u012b pulksten 18.30 LTV1&hellip;\n","protected":false},"author":2,"featured_media":105206,"comment_status":"","ping_status":"","sticky":false,"template":"","format":"standard","meta":{"footnotes":""},"categories":[19],"tags":[89,90,35,39,38,36,37,34,40],"class_list":{"0":"post-105205","1":"post","2":"type-post","3":"status-publish","4":"format-standard","5":"has-post-thumbnail","7":"category-izklaide","8":"tag-entertainment","9":"tag-izklaide","10":"tag-latvia","11":"tag-latvian","12":"tag-latviesu","13":"tag-latviesu-valoda","14":"tag-latviesuvaloda","15":"tag-latvija","16":"tag-lv"},"share_on_mastodon":{"url":"https:\/\/pubeurope.com\/@lv\/115898190680777548","error":""},"_links":{"self":[{"href":"https:\/\/www.europesays.com\/lv\/wp-json\/wp\/v2\/posts\/105205","targetHints":{"allow":["GET"]}}],"collection":[{"href":"https:\/\/www.europesays.com\/lv\/wp-json\/wp\/v2\/posts"}],"about":[{"href":"https:\/\/www.europesays.com\/lv\/wp-json\/wp\/v2\/types\/post"}],"author":[{"embeddable":true,"href":"https:\/\/www.europesays.com\/lv\/wp-json\/wp\/v2\/users\/2"}],"replies":[{"embeddable":true,"href":"https:\/\/www.europesays.com\/lv\/wp-json\/wp\/v2\/comments?post=105205"}],"version-history":[{"count":0,"href":"https:\/\/www.europesays.com\/lv\/wp-json\/wp\/v2\/posts\/105205\/revisions"}],"wp:featuredmedia":[{"embeddable":true,"href":"https:\/\/www.europesays.com\/lv\/wp-json\/wp\/v2\/media\/105206"}],"wp:attachment":[{"href":"https:\/\/www.europesays.com\/lv\/wp-json\/wp\/v2\/media?parent=105205"}],"wp:term":[{"taxonomy":"category","embeddable":true,"href":"https:\/\/www.europesays.com\/lv\/wp-json\/wp\/v2\/categories?post=105205"},{"taxonomy":"post_tag","embeddable":true,"href":"https:\/\/www.europesays.com\/lv\/wp-json\/wp\/v2\/tags?post=105205"}],"curies":[{"name":"wp","href":"https:\/\/api.w.org\/{rel}","templated":true}]}}