{"id":105211,"date":"2026-01-15T08:36:08","date_gmt":"2026-01-15T08:36:08","guid":{"rendered":"https:\/\/www.europesays.com\/lv\/105211\/"},"modified":"2026-01-15T08:36:08","modified_gmt":"2026-01-15T08:36:08","slug":"avarija-paralize-imantu-uz-laiku-pilniba-tika-bloketa-1-tramvaja-kustiba-cilveki-kave-darbu-jauns-lv","status":"publish","type":"post","link":"https:\/\/www.europesays.com\/lv\/105211\/","title":{"rendered":"Av\u0101rija &quot;paraliz\u0113&quot; Imantu: uz laiku piln\u012bb\u0101 tika blo\u0137\u0113ta 1. tramvaja kust\u012bba, cilv\u0113ki kav\u0113 darbu &#8211; Jauns.lv"},"content":{"rendered":"<ol>\n<li><a href=\"https:\/\/news.google.com\/rss\/articles\/CBMixwFBVV95cUxNOFprSFpQUjQ2UTc2VE5ic3RhN1FNQk5sVms0b1RjZTQ0NmxETFB3Mm1jRkpsMEYzbGxrRkFUSjZ5Vl9BZkJZbmF3N0QtaUpzUkdfVExNc3RoZjZJNm0wcE1nYkV5VWpmYmllWHZMeklpMlFHbHVsRlpUaDZSaThDRFBOTEZGbHQzTXZ2WjJRV0FScjkxTUdsOFlUT19QUmxiSHFtOC1MZTZYUHFoWC0tNGs2cDJUdFhEdlpjZmp1MnMwZlNkYWYw?oc=5\" target=\"_blank\" rel=\"nofollow noopener\">Av\u0101rija &#8220;paraliz\u0113&#8221; Imantu: uz laiku piln\u012bb\u0101 tika blo\u0137\u0113ta 1. tramvaja kust\u012bba, cilv\u0113ki kav\u0113 darbu<\/a>&nbsp;&nbsp;Jauns.lv<\/li>\n<li><a href=\"https:\/\/news.google.com\/rss\/articles\/CBMiogFBVV95cUxOZTBVYnlvTjRuTXJSTmwwZkJ5SGtKT0hxNXpMTXZiQ25OOEdtMXVZX2VXVWJqOXVzaWRzbTBDUXk1ZnpXLUpGekpHVHhoWHg5NjZwWWFzN3J1N29wRVF1Wk8xeHJOdEMxOUZyQ0Q3TEZjdWhHSHlVSzVySXoxMFVPRnlTTVJhNUJrbVhmX2tlVFpqWXkwbEpROWtqZkNfQjd6VWc?oc=5\" target=\"_blank\" rel=\"nofollow noopener\">Apst\u0101jusies 1. tramvaja kust\u012bba! (papildin\u0101ts)<\/a>&nbsp;&nbsp;NRA<\/li>\n<li><a href=\"https:\/\/news.google.com\/rss\/articles\/CBMitwFBVV95cUxPa1VWUF90YW5QWFUzSTdGXzEyaFZKN3d5ZnY4WmYxdUxpVUxTc2ktQzJ5dTlVYmhLbWhUcFM2UUloLWo3a1NGMkN5bWJGcHFuYzJNLTdZTnlhWmVab3JKYkZoS1NXSE5ISmpaWXJza1V3SzhERjJxS1J6RkZ0MkhwRHdQX01CT2s2LVYwdzBmeEIxVVBZMkl0NktkaGV3OTZvZ2E2UER2OVVUdWNVUWRCcTBlbXBpY2s?oc=5\" target=\"_blank\" rel=\"nofollow noopener\">Imant\u0101 uz br\u012bdi aptur\u0113ta tramvaju satiksme p\u0113c auto un tramvaja sadursmes<\/a>&nbsp;&nbsp;Lente.lv<\/li>\n<li><a href=\"https:\/\/news.google.com\/rss\/articles\/CBMilwFBVV95cUxOLUU1V0NrSmVTRHZpbGN5aEJZamoxeGQ3TUhtOVhoN0I1WHB1Y1ZLbjNLYVlTMEVSZ3pibmZtUG10bXBjUkNHZEtrUHltTF91TjBlUTEzNDJoTlk3blNrUjAwRTFVV1A2M1FKd0VucFI3WXRrZ0ZpV0MzUm9xamlEOHhBUFFpSTdpUmR0ckhBZFhVaDhqd0VF?oc=5\" target=\"_blank\" rel=\"nofollow noopener\">&#8220;Trieciens bija sp\u0113c\u012bgs\u201d. Noskaidrots, k\u0101p\u0113c tika uz laiku aptur\u0113ta tramvaju satiksme Imant\u0101<\/a>&nbsp;&nbsp;NRA<\/li>\n<li><a href=\"https:\/\/news.google.com\/rss\/articles\/CBMi3wFBVV95cUxOYmNPMzhEcUJLN3BmeWVFV19ld1B3N05MSFJnS2hRUkd6ZEd6d0Z1YVVyVHNiYm5JVGJFalhKMVpUTXJodDVVeWFBVXFDaTdaOHlvclBhMWx0aXdMZ1ZZM01EYnk2aV80SS1ONjc1LTJZNTV1NGFsQXJpLUxTU1h0dlZmeDRlYVAtSUVMNnh0TVZXX1c4S3FMZ2lGV0J6RnAtLThNYUdHUHJWcmYtcTg0SzdDOG5jdE1MeWRTa2RXSjd4NjdLZW4yY0o0NFpZQUlLXzhNVHpqV0xhWExnTGow?oc=5\" target=\"_blank\" rel=\"nofollow noopener\">&#8220;Pa\u0161saj\u016bta drausm\u012bga, un trieciens bija sp\u0113c\u012bgs&#8221;. Imant\u0101 \u0161oferis nepamana tramvaju un izbrauc tam priek\u0161\u0101<\/a>&nbsp;&nbsp;Lente.lv<\/li>\n<\/ol>\n","protected":false},"excerpt":{"rendered":"Av\u0101rija &#8220;paraliz\u0113&#8221; Imantu: uz laiku piln\u012bb\u0101 tika blo\u0137\u0113ta 1. tramvaja kust\u012bba, cilv\u0113ki kav\u0113 darbu&nbsp;&nbsp;Jauns.lv Apst\u0101jusies 1. tramvaja kust\u012bba!&hellip;\n","protected":false},"author":2,"featured_media":105212,"comment_status":"","ping_status":"","sticky":false,"template":"","format":"standard","meta":{"footnotes":""},"categories":[12],"tags":[23,28,29,32,33,22,30,31,35,39,38,36,37,34,40,20,26,27,24,25,21],"class_list":{"0":"post-105211","1":"post","2":"type-post","3":"status-publish","4":"format-standard","5":"has-post-thumbnail","7":"category-latvija","8":"tag-aktualitates","9":"tag-breaking-news","10":"tag-breakingnews","11":"tag-featured-news","12":"tag-featurednews","13":"tag-headlines","14":"tag-latest-news","15":"tag-latestnews","16":"tag-latvia","17":"tag-latvian","18":"tag-latviesu","19":"tag-latviesu-valoda","20":"tag-latviesuvaloda","21":"tag-latvija","22":"tag-lv","23":"tag-news","24":"tag-popularakas-zinas","25":"tag-popularakaszinas","26":"tag-top-stories","27":"tag-topstories","28":"tag-zinas"},"share_on_mastodon":{"url":"https:\/\/pubeurope.com\/@lv\/115898206408321380","error":""},"_links":{"self":[{"href":"https:\/\/www.europesays.com\/lv\/wp-json\/wp\/v2\/posts\/105211","targetHints":{"allow":["GET"]}}],"collection":[{"href":"https:\/\/www.europesays.com\/lv\/wp-json\/wp\/v2\/posts"}],"about":[{"href":"https:\/\/www.europesays.com\/lv\/wp-json\/wp\/v2\/types\/post"}],"author":[{"embeddable":true,"href":"https:\/\/www.europesays.com\/lv\/wp-json\/wp\/v2\/users\/2"}],"replies":[{"embeddable":true,"href":"https:\/\/www.europesays.com\/lv\/wp-json\/wp\/v2\/comments?post=105211"}],"version-history":[{"count":0,"href":"https:\/\/www.europesays.com\/lv\/wp-json\/wp\/v2\/posts\/105211\/revisions"}],"wp:featuredmedia":[{"embeddable":true,"href":"https:\/\/www.europesays.com\/lv\/wp-json\/wp\/v2\/media\/105212"}],"wp:attachment":[{"href":"https:\/\/www.europesays.com\/lv\/wp-json\/wp\/v2\/media?parent=105211"}],"wp:term":[{"taxonomy":"category","embeddable":true,"href":"https:\/\/www.europesays.com\/lv\/wp-json\/wp\/v2\/categories?post=105211"},{"taxonomy":"post_tag","embeddable":true,"href":"https:\/\/www.europesays.com\/lv\/wp-json\/wp\/v2\/tags?post=105211"}],"curies":[{"name":"wp","href":"https:\/\/api.w.org\/{rel}","templated":true}]}}