{"id":105213,"date":"2026-01-15T08:37:03","date_gmt":"2026-01-15T08:37:03","guid":{"rendered":"https:\/\/www.europesays.com\/lv\/105213\/"},"modified":"2026-01-15T08:37:03","modified_gmt":"2026-01-15T08:37:03","slug":"latvijas-universitate-notiks-konference-par-vacbaltiesu-vesturi","status":"publish","type":"post","link":"https:\/\/www.europesays.com\/lv\/105213\/","title":{"rendered":"Latvijas Universit\u0101t\u0113 notiks konference par v\u0101cbaltie\u0161u v\u0113sturi"},"content":{"rendered":"<p>23.\u201324. janv\u0101r\u012b Latvijas Universit\u0101t\u0113 (LU) sadarb\u012bb\u0101 ar Jeila Universit\u0101ti un Igaunijas M\u0101kslas akad\u0113miju notiks v\u0101cbaltie\u0161u v\u0113sturei velt\u012bta konference \u201cNo imp\u0113rijas elites par minorit\u0101ti: v\u0101cbaltie\u0161i no 19. gadsimta l\u012bdz 20. gadsimta 30. gadiem\u201d (From Empire to Minority: Baltic Germans from Late Nineteenth Century to the 1930). <\/p>\n<p>Konferenc\u0113, kas notiks R\u012bg\u0101, Kalpaka bulv\u0101r\u012b 4, auditorij\u0101 Sapere aude, vair\u0101k nek\u0101 20 p\u0113tnieku no Latvijas, Igaunijas, V\u0101cijas, Somijas un ASV piev\u0113rs\u012bsies v\u0101cbaltie\u0161u v\u0113stures p\u0113tniec\u012bb\u0101 aktu\u0101liem jaut\u0101jumiem.<\/p>\n<p>V\u0101cbaltie\u0161u v\u0113sture un kult\u016bra ir pla\u0161i p\u0113t\u012bta vismaz p\u0113d\u0113jo gadsimtu. Maz ir t\u0101du t\u0113mu Baltijas v\u0113stur\u0113 no viduslaikiem l\u012bdz 20. gadsimtam, par kur\u0101m var\u0113tu rakst\u012bt, neiek\u013caujot v\u0101cbaltie\u0161us. Tom\u0113r p\u0113t\u012bjumi par daudziem tematiem, kas saist\u012bti ar vi\u0146iem, \u0161\u0137iet, zaud\u0113 popularit\u0101ti. Pat v\u0101cbaltie\u0161u defin\u012bcijas joproj\u0101m ir da\u017e\u0101das. Lai gan terminu Deutschbalten\u00a0pla\u0161\u0101k\u0101 noz\u012bm\u0113 s\u0101ka lietot tikai 19. gadsimta nogal\u0113 un m\u0113s zin\u0101m, ka vi\u0146i sevi da\u017e\u0101dos apst\u0101k\u013cos defin\u0113ja at\u0161\u0137ir\u012bgi, \u0161odien vi\u0146u v\u0113sture galvenok\u0101rt tiek apl\u016bkota no m\u016bsdienu igau\u0146u, latvie\u0161u vai v\u0101cu nacion\u0101l\u0101s perspekt\u012bvas.<\/p>\n<p>Lai gan nacion\u0101lisms, v\u0101cbaltie\u0161u identit\u0101te un rusifik\u0101cija ir vieni no visvair\u0101k p\u0113t\u012btajiem tematiem Baltijas v\u0113stur\u0113 un historiogr\u0101fij\u0101, v\u0101cbaltie\u0161u narat\u012bvi ir tiku\u0161i analiz\u0113ti maz\u0101k. \u0160\u012b konference piev\u0113rs\u012bs uzman\u012bbu jaun\u0101kajiem p\u0113t\u012bjumiem par \u0161iem jaut\u0101jumiem un izgaismot radu\u0161os jaut\u0101jumus no jauna skatpunkta. P\u0113tnieki no jauna apl\u016bkos Baltijas v\u0101cie\u0161u st\u0101vokli starp Krievijas un V\u0101cijas imp\u0113rij\u0101m no 19. gadsimta beig\u0101m l\u012bdz starpkaru perioda beig\u0101m, kad \u0161\u012bs biju\u0161\u0101s imp\u0113rijas elites bija p\u0101rv\u0113rtu\u0161\u0101s par maz\u0101kumtaut\u012bb\u0101m neatkar\u012bgaj\u0101 Igaunij\u0101 un Latvij\u0101.<\/p>\n<p>Baltijas v\u0101cie\u0161iem bija rakstur\u012bga starpposma situ\u0101cija gan \u0123eogr\u0101fisk\u0101, gan reli\u0123isk\u0101, gan politisk\u0101, gan etnisk\u0101 zi\u0146\u0101. To papildina ar\u012b zin\u0101tnisk\u0101s p\u0113tniec\u012bbas un popul\u0101r\u0101s zin\u0101tnes dihotomijas, k\u0101 ar\u012b v\u0101cbaltie\u0161u profesion\u0101l\u0101s un politisk\u0101s amb\u012bcijas. M\u0113s esam \u012bpa\u0161i ieinteres\u0113ti jaun\u0101kajos p\u0113t\u012bjumos par 20. gadsimta s\u0101kuma \u201cBaltijas propagandu\u201d, ko v\u0101cbaltie\u0161i izplat\u012bja par \u0161o re\u0123ionu citur Eirop\u0101, tostarp Krievij\u0101, bie\u017ei ne\u0146emot v\u0113r\u0101 Baltijas provin\u010du iedz\u012bvot\u0101ju vair\u0101kumu.<\/p>\n<p>Konferences organizatori ir \u0145\u016bheivenas Universit\u0101tes profesors un Jeila Universit\u0101tes Baltijas studiju programmas vad\u012bt\u0101js Bredlijs Vudvorts (Bradley Woodworth), Igaunijas M\u0101kslas akad\u0113mijas asoci\u0113t\u0101 profesore Krist\u012bna J\u0113kalda (Kristina J\u00f5ekalda), Latvijas Kult\u016bras akad\u0113mijas asoci\u0113tais profesors Gustavs Strenga, Latvijas Universit\u0101tes zin\u0101tnisk\u0101 asistente Ginta Ieva Bik\u0161e un Jeila Universit\u0101tes p\u0101rst\u0101ve K\u0101rlija K\u0113bele (Carly Koebel).<\/p>\n<p>Konferences programma apl\u016bkojama <a href=\"https:\/\/macmillan.yale.edu\/europe\/baltic\/events\/2026-01-23\/baltic-empire-minority-baltic-germans-late-nineteenth-century-1930s\" target=\"_blank\" rel=\"nofollow noopener\">Jeila Universit\u0101tes t\u012bmek\u013cvietn\u0113<\/a>.<\/p>\n<p>          <img decoding=\"async\" src=\"https:\/\/www.europesays.com\/lv\/wp-content\/uploads\/2026\/01\/1767645852_487_logo-lv.png\" alt=\"\"\/><\/p>\n<p>                  \u0160\u012b inform\u0101cija ir publisks pazi\u0146ojums un neatspogu\u013co LV port\u0101la viedokli. Par t\u0101s saturu atbild ies\u016bt\u012bt\u0101js. <a data-popup=\"rules\">Public\u0113\u0161anas noteikumi<\/a><\/p>\n","protected":false},"excerpt":{"rendered":"23.\u201324. janv\u0101r\u012b Latvijas Universit\u0101t\u0113 (LU) sadarb\u012bb\u0101 ar Jeila Universit\u0101ti un Igaunijas M\u0101kslas akad\u0113miju notiks v\u0101cbaltie\u0161u v\u0113sturei velt\u012bta konference&hellip;\n","protected":false},"author":2,"featured_media":105214,"comment_status":"","ping_status":"","sticky":false,"template":"","format":"standard","meta":{"footnotes":""},"categories":[5],"tags":[23,28,29,32,33,22,30,31,35,39,38,36,37,34,40,20,26,27,24,25,21],"class_list":{"0":"post-105213","1":"post","2":"type-post","3":"status-publish","4":"format-standard","5":"has-post-thumbnail","7":"category-aktualitates","8":"tag-aktualitates","9":"tag-breaking-news","10":"tag-breakingnews","11":"tag-featured-news","12":"tag-featurednews","13":"tag-headlines","14":"tag-latest-news","15":"tag-latestnews","16":"tag-latvia","17":"tag-latvian","18":"tag-latviesu","19":"tag-latviesu-valoda","20":"tag-latviesuvaloda","21":"tag-latvija","22":"tag-lv","23":"tag-news","24":"tag-popularakas-zinas","25":"tag-popularakaszinas","26":"tag-top-stories","27":"tag-topstories","28":"tag-zinas"},"share_on_mastodon":{"url":"https:\/\/pubeurope.com\/@lv\/115898210298298363","error":""},"_links":{"self":[{"href":"https:\/\/www.europesays.com\/lv\/wp-json\/wp\/v2\/posts\/105213","targetHints":{"allow":["GET"]}}],"collection":[{"href":"https:\/\/www.europesays.com\/lv\/wp-json\/wp\/v2\/posts"}],"about":[{"href":"https:\/\/www.europesays.com\/lv\/wp-json\/wp\/v2\/types\/post"}],"author":[{"embeddable":true,"href":"https:\/\/www.europesays.com\/lv\/wp-json\/wp\/v2\/users\/2"}],"replies":[{"embeddable":true,"href":"https:\/\/www.europesays.com\/lv\/wp-json\/wp\/v2\/comments?post=105213"}],"version-history":[{"count":0,"href":"https:\/\/www.europesays.com\/lv\/wp-json\/wp\/v2\/posts\/105213\/revisions"}],"wp:featuredmedia":[{"embeddable":true,"href":"https:\/\/www.europesays.com\/lv\/wp-json\/wp\/v2\/media\/105214"}],"wp:attachment":[{"href":"https:\/\/www.europesays.com\/lv\/wp-json\/wp\/v2\/media?parent=105213"}],"wp:term":[{"taxonomy":"category","embeddable":true,"href":"https:\/\/www.europesays.com\/lv\/wp-json\/wp\/v2\/categories?post=105213"},{"taxonomy":"post_tag","embeddable":true,"href":"https:\/\/www.europesays.com\/lv\/wp-json\/wp\/v2\/tags?post=105213"}],"curies":[{"name":"wp","href":"https:\/\/api.w.org\/{rel}","templated":true}]}}