{"id":105215,"date":"2026-01-15T08:38:14","date_gmt":"2026-01-15T08:38:14","guid":{"rendered":"https:\/\/www.europesays.com\/lv\/105215\/"},"modified":"2026-01-15T08:38:14","modified_gmt":"2026-01-15T08:38:14","slug":"man-patik-ja-zinu-kurs-izdarijis-slepkavibu-santa","status":"publish","type":"post","link":"https:\/\/www.europesays.com\/lv\/105215\/","title":{"rendered":"Man pat\u012bk, ja zinu, kur\u0161 izdar\u012bjis slepkav\u012bbu \u2014 Santa"},"content":{"rendered":"<p>Sp\u0113lma\u0146u nakt\u012b s\u0113d\u0113ju blakus P\u0113terim Krilovam, kur\u0161 man bija pasniedz\u0113js ma\u0123istrant\u016br\u0101, ar\u012b vi\u0146\u0161 tika nomin\u0113ts \u0161aj\u0101 kategorij\u0101. Bet balvu pasniedza M\u0101ra \u0136imele, kura bija mana kursa vad\u012bt\u0101ja. L\u012bdz\u0101s \u2013 \u0161ie divi bezgala dev\u012bgie cilv\u0113ki. Re, k\u0101 dz\u012bve tevi p\u0101rsteidz!<\/p>\n<p>No kurienes n\u0101ca ideja te\u0101tra valod\u0101 past\u0101st\u012bt par 15 gadu senu laup\u012b\u0161anu, kuru J\u0113kabpil\u012b \u012bstenoja policisti? <\/p>\n<p>Gadu p\u0113c notikuma J\u0101nis Balodis rakst\u012bja scen\u0101riju, kur\u0101 varonis b\u016btu sta\u017eieris, kur\u0161 bija l\u012bdz\u0101s bez iero\u010da. Kad J\u0101nis s\u0101ka st\u0101st\u012bt ideju, teicu: \u00abDraugs, k\u0101p\u0113c tie pieci tur nok\u013cuva? K\u0101 cits citu l\u012bdz tam aizveda?\u00bb Taj\u0101 br\u012bd\u012b biju redz\u0113jis filmu par k\u0101du laup\u012b\u0161anu Boston\u0101 un dom\u0101ju \u2013 kad v\u0113l te\u0101tr\u012b b\u016bs laup\u012b\u0161anas filma?<\/p>\n<blockquote><p>&#13;<\/p>\n<p>Smagais darbs ir atrast n\u0101kamo sap\u0146u izr\u0101di. Varb\u016bt Maxima tra\u0123\u0113dija\u2026 Ja es to neizdar\u012b\u0161u, k\u0101ds izdar\u012bs.\u00a0\u0160ie neuzman\u012bbas noziegumi ir \u0101rk\u0101rt\u012bgi saprotami un tra\u0123iski.<\/p>\n<p>&#13;\n<\/p><\/blockquote>\n<p>S\u0101kum\u0101 iecere bija Liep\u0101jas te\u0101tr\u012b, <a data-id=\"126479\" href=\"https:\/\/126479\/izrade?utm_source=internal&amp;utm_medium=article&amp;utm_campaign=theme_link\" target=\"_blank\" rel=\"nofollow\">izr\u0101de<\/a> neb\u016btu muzik\u0101la, man tas neb\u016btu ien\u0101cis pr\u0101t\u0101. T\u0101 b\u016btu po\u0113tiski horeogr\u0101fiska \u2013 caur kust\u012bbu, ar \u017eestiem, daudz fizisk\u0101ka. Bet s\u0101k\u0101s kovids\u2026<\/p>\n<p>Tad J\u0101nis un Dirty Deal Teatro te\u0101tra direktore Anna S\u012ble s\u0101ka cil\u0101t m\u016bsu ne\u012bstenot\u0101s idejas.\u00a0Bija divi krimin\u0101lst\u0101sti, vienu atst\u0101\u0161u n\u0101kotnei, varb\u016bt kaut kad to iestud\u0113sim.<\/p>\n<p>Bunkus lieta?<\/p>\n","protected":false},"excerpt":{"rendered":"Sp\u0113lma\u0146u nakt\u012b s\u0113d\u0113ju blakus P\u0113terim Krilovam, kur\u0161 man bija pasniedz\u0113js ma\u0123istrant\u016br\u0101, ar\u012b vi\u0146\u0161 tika nomin\u0113ts \u0161aj\u0101 kategorij\u0101. Bet&hellip;\n","protected":false},"author":2,"featured_media":105216,"comment_status":"","ping_status":"","sticky":false,"template":"","format":"standard","meta":{"footnotes":""},"categories":[19],"tags":[89,90,35,39,38,36,37,34,40],"class_list":{"0":"post-105215","1":"post","2":"type-post","3":"status-publish","4":"format-standard","5":"has-post-thumbnail","7":"category-izklaide","8":"tag-entertainment","9":"tag-izklaide","10":"tag-latvia","11":"tag-latvian","12":"tag-latviesu","13":"tag-latviesu-valoda","14":"tag-latviesuvaloda","15":"tag-latvija","16":"tag-lv"},"share_on_mastodon":{"url":"https:\/\/pubeurope.com\/@lv\/115898214179640472","error":""},"_links":{"self":[{"href":"https:\/\/www.europesays.com\/lv\/wp-json\/wp\/v2\/posts\/105215","targetHints":{"allow":["GET"]}}],"collection":[{"href":"https:\/\/www.europesays.com\/lv\/wp-json\/wp\/v2\/posts"}],"about":[{"href":"https:\/\/www.europesays.com\/lv\/wp-json\/wp\/v2\/types\/post"}],"author":[{"embeddable":true,"href":"https:\/\/www.europesays.com\/lv\/wp-json\/wp\/v2\/users\/2"}],"replies":[{"embeddable":true,"href":"https:\/\/www.europesays.com\/lv\/wp-json\/wp\/v2\/comments?post=105215"}],"version-history":[{"count":0,"href":"https:\/\/www.europesays.com\/lv\/wp-json\/wp\/v2\/posts\/105215\/revisions"}],"wp:featuredmedia":[{"embeddable":true,"href":"https:\/\/www.europesays.com\/lv\/wp-json\/wp\/v2\/media\/105216"}],"wp:attachment":[{"href":"https:\/\/www.europesays.com\/lv\/wp-json\/wp\/v2\/media?parent=105215"}],"wp:term":[{"taxonomy":"category","embeddable":true,"href":"https:\/\/www.europesays.com\/lv\/wp-json\/wp\/v2\/categories?post=105215"},{"taxonomy":"post_tag","embeddable":true,"href":"https:\/\/www.europesays.com\/lv\/wp-json\/wp\/v2\/tags?post=105215"}],"curies":[{"name":"wp","href":"https:\/\/api.w.org\/{rel}","templated":true}]}}