{"id":105222,"date":"2026-01-15T08:45:08","date_gmt":"2026-01-15T08:45:08","guid":{"rendered":"https:\/\/www.europesays.com\/lv\/105222\/"},"modified":"2026-01-15T08:45:08","modified_gmt":"2026-01-15T08:45:08","slug":"nani-roma-uzvar-dakara-devitaja-posma-neskatoties-uz-tris-parsistam-riepam-lente-lv","status":"publish","type":"post","link":"https:\/\/www.europesays.com\/lv\/105222\/","title":{"rendered":"Nani Roma uzvar \u201cDakara\u201d dev\u012btaj\u0101 posm\u0101, neskatoties uz tr\u012bs p\u0101rsist\u0101m riep\u0101m\u00a0\u2014\u00a0Lente.lv"},"content":{"rendered":"<p>Roma p\u0101r\u0146em vad\u012bbu p\u0113c aizraujo\u0161as dev\u012bt\u0101 posma<\/p>\n<p>Sp\u0101nijas autosportists Nani Roma ir izc\u012bn\u012bjis uzvaru rallijreida \u201cDakara\u201d dev\u012bt\u0101 posm\u0101, vieglo automa\u0161\u012bnu klas\u0113, demonstr\u0113jot iespaid\u012bgu sniegumu, neskatoties uz to, ka vi\u0146a sp\u0113kratam tr\u012bs reizes tika p\u0101rsistas riepas. K\u0101 zi\u0146o telekan\u0101ls TV3, \u0161is pan\u0101kums \u013c\u0101vis Romam nostiprin\u0101ties kopv\u0113rt\u0113juma l\u012bdera poz\u012bcij\u0101, aiz sevis atst\u0101jot komandas biedru Karlosu Sainsu. \u0160is ir noz\u012bm\u012bgs pagrieziena punkts sacens\u012bb\u0101s, \u012bpa\u0161i p\u0113c tam, kad iepriek\u0161\u0113jais l\u012bderis Nasers Al-Atija piedz\u012bvojis gr\u016bt\u012bbas.<\/p>\n<p>Aizraujo\u0161s posms ar neparedzamiem pav\u0113rsieniem<\/p>\n<p>Dev\u012btais posms izr\u0101d\u012bj\u0101s \u012bpa\u0161i izaicino\u0161s daudziem dal\u012bbniekiem, \u012bpa\u0161u sare\u017e\u0123\u012bt\u012bbu radot navig\u0101cija, jo automa\u0161\u012bn\u0101m n\u0101c\u0101s izmantot citu mar\u0161rutu nek\u0101 motocikliem, t\u0101d\u0113j\u0101di zaud\u0113jot izsekotos ce\u013cus. Lai gan Roma piedz\u012bvoja tr\u012bs riepu p\u0101rsist\u012b\u0161anu, vi\u0146a sp\u0113ja saglab\u0101t koncentr\u0113\u0161anos un p\u0101rvar\u0113t \u0161\u012bs gr\u016bt\u012bbas, nodro\u0161inot sev uzvaru posm\u0101 un kopv\u0113rt\u0113juma vad\u012bbu. Savuk\u0101rt Al-Atija, kur\u0161 iepriek\u0161 bija p\u0101rliecino\u0161s l\u012bderis, zaud\u0113ja laiku un atkrita uz tre\u0161o vietu, ta\u010du joproj\u0101m ir tikai nedaudz vair\u0101k nek\u0101 min\u016bti aiz Romam. Ar\u012b citi dal\u012bbnieki, piem\u0113ram, Henks Lategans, sask\u0101r\u0101s ar probl\u0113m\u0101m, tostarp navig\u0101cijas k\u013c\u016bm\u0113m, riepu boj\u0101jumiem un st\u016bres sist\u0113mas probl\u0113m\u0101m.<\/p>\n<p>Sacens\u012bbu dinamika un sagaid\u0101m\u0101 c\u012b\u0146a<\/p>\n<p>\u0160is \u201cDakara\u201d rallija posms ir ieviesis iev\u0113rojamas izmai\u0146as kopv\u0113rt\u0113jum\u0101, radot intrigu par turpm\u0101ko norisi. Roma, kur\u0161 pirmo reizi kop\u0161 2014. gada ir kopv\u0113rt\u0113juma l\u012bderis, kop\u0101 ar Sainsu, kur\u0161 ie\u0146em otro vietu, veido sp\u0113c\u012bgu \u201cFord\u201d komandas duetu. \u0160\u012b situ\u0101cija sola aizraujo\u0161u turpin\u0101jumu, jo \u012bpa\u0161i \u0146emot v\u0113r\u0101, ka atliku\u0161as v\u0113l \u010detras posmas l\u012bdz sacens\u012bbu nosl\u0113gumam. \u201cDakara\u201d rallijs, kas ir Pasaules Raid-Rallija \u010dempion\u0101ta sezonas atkl\u0101\u0161anas posms, nosl\u0113gsies Sa\u016bda Ar\u0101bijas Sarkan\u0101s j\u016bras krast\u0101.<\/p>\n<p>Raizes par riep\u0101m un sp\u0113kratu uzticam\u012bbu<\/p>\n<p>Roma atzina, ka vi\u0146am biju\u0161as tr\u012bs p\u0101rsistas riepas posma laik\u0101, kas rad\u012bja papildu gr\u016bt\u012bbas. Sacens\u012bbu organizatori bija paredz\u0113ju\u0161i oblig\u0101tu riepu mai\u0146as pieturvietu distances vid\u016b, lai pal\u012bdz\u0113tu dal\u012bbniekiem nov\u0113rst \u0161\u0101da veida probl\u0113mas. Tom\u0113r main\u012bgie apst\u0101k\u013ci un neparedzam\u0101s k\u013c\u016bmes pier\u0101da, cik svar\u012bga ir sp\u0113krata uzticam\u012bba un ekip\u0101\u017eas sp\u0113ja piel\u0101goties.<\/p>\n","protected":false},"excerpt":{"rendered":"Roma p\u0101r\u0146em vad\u012bbu p\u0113c aizraujo\u0161as dev\u012bt\u0101 posma Sp\u0101nijas autosportists Nani Roma ir izc\u012bn\u012bjis uzvaru rallijreida \u201cDakara\u201d dev\u012bt\u0101 posm\u0101,&hellip;\n","protected":false},"author":2,"featured_media":105223,"comment_status":"","ping_status":"","sticky":false,"template":"","format":"standard","meta":{"footnotes":""},"categories":[17],"tags":[25234,35,39,38,36,37,34,40,16719,25235,25236,281,67],"class_list":{"0":"post-105222","1":"post","2":"type-post","3":"status-publish","4":"format-standard","5":"has-post-thumbnail","7":"category-sports","8":"tag-dakars","9":"tag-latvia","10":"tag-latvian","11":"tag-latviesu","12":"tag-latviesu-valoda","13":"tag-latviesuvaloda","14":"tag-latvija","15":"tag-lv","16":"tag-motorsports","17":"tag-nani-roma","18":"tag-posms","19":"tag-rallijs","20":"tag-sports"},"share_on_mastodon":{"url":"https:\/\/pubeurope.com\/@lv\/115898241839756089","error":""},"_links":{"self":[{"href":"https:\/\/www.europesays.com\/lv\/wp-json\/wp\/v2\/posts\/105222","targetHints":{"allow":["GET"]}}],"collection":[{"href":"https:\/\/www.europesays.com\/lv\/wp-json\/wp\/v2\/posts"}],"about":[{"href":"https:\/\/www.europesays.com\/lv\/wp-json\/wp\/v2\/types\/post"}],"author":[{"embeddable":true,"href":"https:\/\/www.europesays.com\/lv\/wp-json\/wp\/v2\/users\/2"}],"replies":[{"embeddable":true,"href":"https:\/\/www.europesays.com\/lv\/wp-json\/wp\/v2\/comments?post=105222"}],"version-history":[{"count":0,"href":"https:\/\/www.europesays.com\/lv\/wp-json\/wp\/v2\/posts\/105222\/revisions"}],"wp:featuredmedia":[{"embeddable":true,"href":"https:\/\/www.europesays.com\/lv\/wp-json\/wp\/v2\/media\/105223"}],"wp:attachment":[{"href":"https:\/\/www.europesays.com\/lv\/wp-json\/wp\/v2\/media?parent=105222"}],"wp:term":[{"taxonomy":"category","embeddable":true,"href":"https:\/\/www.europesays.com\/lv\/wp-json\/wp\/v2\/categories?post=105222"},{"taxonomy":"post_tag","embeddable":true,"href":"https:\/\/www.europesays.com\/lv\/wp-json\/wp\/v2\/tags?post=105222"}],"curies":[{"name":"wp","href":"https:\/\/api.w.org\/{rel}","templated":true}]}}