{"id":105226,"date":"2026-01-15T08:47:12","date_gmt":"2026-01-15T08:47:12","guid":{"rendered":"https:\/\/www.europesays.com\/lv\/105226\/"},"modified":"2026-01-15T08:47:12","modified_gmt":"2026-01-15T08:47:12","slug":"tramps-miera-sarunu-bremzesana-atkal-vaino-zelenski","status":"publish","type":"post","link":"https:\/\/www.europesays.com\/lv\/105226\/","title":{"rendered":"Tramps miera sarunu bremz\u0113\u0161an\u0101 atkal vaino Zelenski"},"content":{"rendered":"<p>&#8220;Dom\u0101ju, ka vi\u0146\u0161 (Putins) ir gatavs sl\u0113gt dar\u012bjumu. Dom\u0101ju, ka <a href=\"https:\/\/www.tvnet.lv\/term\/8497\/ukraina\" class=\"topicLink\" target=\"_blank\" rel=\"nofollow noopener\">Ukraina<\/a> ir maz\u0101k gatava sl\u0113gt dar\u012bjumu,&#8221; ekskluz\u012bv\u0101 intervij\u0101 a\u0123ent\u016brai &#8220;Reuters&#8221; Balt\u0101 nama Ov\u0101laj\u0101 kabinet\u0101 izteic\u0101s Tramps.<\/p>\n<p>Vi\u0146\u0161 apgalvoja, ka Krievijas diktators esot gatavs izbeigt iebrukumu Ukrain\u0101, kam\u0113r Zelenskis esot attur\u012bg\u0101ks.<\/p>\n<p>Uz jaut\u0101jumu, k\u0101p\u0113c ASV vest\u0101s sarunas l\u012bdz \u0161im nav novedu\u0161as pie kara izbeig\u0161anas, Tramps atbild\u0113ja ar vienu v\u0101rdu: &#8220;Zelenskis.&#8221;<\/p>\n<p>Taj\u0101 pa\u0161\u0101 laik\u0101 Balt\u0101 nama saimnieks pie\u013c\u0101va, ka var\u0113tu tikties ar Ukrainas prezidentu Pasaules Ekonomisk\u0101 foruma laik\u0101 Davos\u0101, kas notiks no 19. l\u012bdz 23. janv\u0101rim.<\/p>\n<p>Tikm\u0113r Trampa \u012bpa\u0161ais v\u0113stnieks St\u012bvs Vitkofs un padomnieks D\u017eareds Ku\u0161ners pl\u0101no tuv\u0101kaj\u0101 laik\u0101 doties uz Maskavu, lai tiktos ar Krievijas diktatoru.<\/p>\n","protected":false},"excerpt":{"rendered":"&#8220;Dom\u0101ju, ka vi\u0146\u0161 (Putins) ir gatavs sl\u0113gt dar\u012bjumu. Dom\u0101ju, ka Ukraina ir maz\u0101k gatava sl\u0113gt dar\u012bjumu,&#8221; ekskluz\u012bv\u0101 intervij\u0101&hellip;\n","protected":false},"author":2,"featured_media":105227,"comment_status":"","ping_status":"","sticky":false,"template":"","format":"standard","meta":{"footnotes":""},"categories":[14],"tags":[23,57,3700,28,29,542,32,33,22,234,74,30,31,35,39,38,36,37,34,40,20,26,27,24,25,276,178,54,55,56,21,58],"class_list":{"0":"post-105226","1":"post","2":"type-post","3":"status-publish","4":"format-standard","5":"has-post-thumbnail","7":"category-zinas-no-arvalstim","8":"tag-aktualitates","9":"tag-arvalstim","10":"tag-autoritarisma-ena-par-eiropu","11":"tag-breaking-news","12":"tag-breakingnews","13":"tag-donalds-tramps","14":"tag-featured-news","15":"tag-featurednews","16":"tag-headlines","17":"tag-krievija","18":"tag-krievijas-iebrukums-ukraina","19":"tag-latest-news","20":"tag-latestnews","21":"tag-latvia","22":"tag-latvian","23":"tag-latviesu","24":"tag-latviesu-valoda","25":"tag-latviesuvaloda","26":"tag-latvija","27":"tag-lv","28":"tag-news","29":"tag-popularakas-zinas","30":"tag-popularakaszinas","31":"tag-top-stories","32":"tag-topstories","33":"tag-ukraina","34":"tag-volodimirs-zelenskis","35":"tag-world","36":"tag-world-news","37":"tag-worldnews","38":"tag-zinas","39":"tag-zinas-no-arvalstim"},"share_on_mastodon":{"url":"https:\/\/pubeurope.com\/@lv\/115898249719665816","error":""},"_links":{"self":[{"href":"https:\/\/www.europesays.com\/lv\/wp-json\/wp\/v2\/posts\/105226","targetHints":{"allow":["GET"]}}],"collection":[{"href":"https:\/\/www.europesays.com\/lv\/wp-json\/wp\/v2\/posts"}],"about":[{"href":"https:\/\/www.europesays.com\/lv\/wp-json\/wp\/v2\/types\/post"}],"author":[{"embeddable":true,"href":"https:\/\/www.europesays.com\/lv\/wp-json\/wp\/v2\/users\/2"}],"replies":[{"embeddable":true,"href":"https:\/\/www.europesays.com\/lv\/wp-json\/wp\/v2\/comments?post=105226"}],"version-history":[{"count":0,"href":"https:\/\/www.europesays.com\/lv\/wp-json\/wp\/v2\/posts\/105226\/revisions"}],"wp:featuredmedia":[{"embeddable":true,"href":"https:\/\/www.europesays.com\/lv\/wp-json\/wp\/v2\/media\/105227"}],"wp:attachment":[{"href":"https:\/\/www.europesays.com\/lv\/wp-json\/wp\/v2\/media?parent=105226"}],"wp:term":[{"taxonomy":"category","embeddable":true,"href":"https:\/\/www.europesays.com\/lv\/wp-json\/wp\/v2\/categories?post=105226"},{"taxonomy":"post_tag","embeddable":true,"href":"https:\/\/www.europesays.com\/lv\/wp-json\/wp\/v2\/tags?post=105226"}],"curies":[{"name":"wp","href":"https:\/\/api.w.org\/{rel}","templated":true}]}}