{"id":105234,"date":"2026-01-15T08:51:07","date_gmt":"2026-01-15T08:51:07","guid":{"rendered":"https:\/\/www.europesays.com\/lv\/105234\/"},"modified":"2026-01-15T08:51:07","modified_gmt":"2026-01-15T08:51:07","slug":"bernu-un-jauniesu-vecaki-aicinati-rezervet-starta-numurus-dalibai-eiropa-mx65-un-mx85","status":"publish","type":"post","link":"https:\/\/www.europesays.com\/lv\/105234\/","title":{"rendered":"B\u0113rnu un jaunie\u0161u vec\u0101ki aicin\u0101ti rezerv\u0113t starta numurus dal\u012bbai Eirop\u0101 MX65 un MX85"},"content":{"rendered":"<p style=\"font-weight: 400;\">L\u016bdzam b\u0113rnu un jaunie\u0161u vec\u0101kus ies\u016bt\u012bt v\u0113lamos\u00a0starta\u00a0numurus dal\u012bbai Zieme\u013caustrumu (NE) zonas\u00a0Eiropas\u00a0\u010dempion\u0101ta motokros\u0101 EMX65 un EMX85 klas\u0113s.<\/p>\n<p style=\"font-weight: 400;\">Zieme\u013caustrumu (NE) zonas Eiropas motokrosa \u010dempion\u0101ta EMX65 un EMX85 cc klas\u0113m pirmais posms norisin\u0101sies 16. un 17. maij\u0101 Polij\u0101, Obor\u0146ikos;<\/p>\n<p style=\"font-weight: 400;\">otrais posms pl\u0101nots 23. un 24. maij\u0101 Polij\u0101, Olecko, savuk\u0101rt tre\u0161ais posms 13.-14. j\u016bnij\u0101 Somij\u0101, Heinol\u0101.<\/p>\n<p style=\"font-weight: 400;\">Pusfin\u0101ls notiks 11.-12. j\u016blij\u0101 Igaunij\u0101, P\u0113rnav\u0101.<\/p>\n<p style=\"font-weight: 400;\">Atg\u0101din\u0101m, ka Pasaules \u010dempion\u0101ta un Eiropas \u010dempion\u0101ta starta numuri ir bez maksas.<\/p>\n<p style=\"font-weight: 400;\">Pieteikumus l\u016bdzam s\u016bt\u012bt uz\u00a0<a href=\"http:\/\/www.lamsf.lv\/cdn-cgi\/l\/email-protection#f5989a819ab59994988693db9983\" rel=\"nofollow noopener\" target=\"_blank\">[email\u00a0protected]<\/a><\/p>\n<p>\u00a0<\/p>\n<p>FIM Europe ir izstr\u0101d\u0101jusi digit\u0101lo re\u0123istr\u0101cijas sist\u0113mu Eiropas \u010dempion\u0101ta un kausa sacens\u012bb\u0101m.<\/p>\n<p>K\u0101 tas darbosies?<\/p>\n<p>Jums ir j\u0101izv\u0113las sacens\u012bbas no FIM E m\u0101jas lapas kalend\u0101ra <a href=\"https:\/\/www.fim-europe.com\/motocross-snowcross\/\" target=\"_blank\" rel=\"noopener noreferrer nofollow\" data-saferedirecturl=\"https:\/\/www.google.com\/url?q=https:\/\/www.fim-europe.com\/motocross-snowcross\/&amp;source=gmail&amp;ust=1768552556183000&amp;usg=AOvVaw0QjzMrwr4gkAfvqAxRUTRd\">https:\/\/www.fim-europe.com\/motocross-snowcross\/<\/a>, uz kur\u0101m v\u0113laties pieteikties, un j\u0101aizpilda pras\u012btais. V\u0113l\u0101k J\u016bs sa\u0146emsiet epast\u0101 apliecin\u0101jumu par sekm\u012bgu re\u0123istr\u0101ciju. Sacens\u012bbu pieteikuma termi\u0146\u0161 ir 30 dienas pirms pl\u0101not\u0101 posma.<\/p>\n","protected":false},"excerpt":{"rendered":"L\u016bdzam b\u0113rnu un jaunie\u0161u vec\u0101kus ies\u016bt\u012bt v\u0113lamos\u00a0starta\u00a0numurus dal\u012bbai Zieme\u013caustrumu (NE) zonas\u00a0Eiropas\u00a0\u010dempion\u0101ta motokros\u0101 EMX65 un EMX85 klas\u0113s. Zieme\u013caustrumu (NE)&hellip;\n","protected":false},"author":2,"featured_media":105235,"comment_status":"","ping_status":"","sticky":false,"template":"","format":"standard","meta":{"footnotes":""},"categories":[17],"tags":[35,39,38,36,37,34,40,67],"class_list":{"0":"post-105234","1":"post","2":"type-post","3":"status-publish","4":"format-standard","5":"has-post-thumbnail","7":"category-sports","8":"tag-latvia","9":"tag-latvian","10":"tag-latviesu","11":"tag-latviesu-valoda","12":"tag-latviesuvaloda","13":"tag-latvija","14":"tag-lv","15":"tag-sports"},"share_on_mastodon":{"url":"https:\/\/pubeurope.com\/@lv\/115898265247140091","error":""},"_links":{"self":[{"href":"https:\/\/www.europesays.com\/lv\/wp-json\/wp\/v2\/posts\/105234","targetHints":{"allow":["GET"]}}],"collection":[{"href":"https:\/\/www.europesays.com\/lv\/wp-json\/wp\/v2\/posts"}],"about":[{"href":"https:\/\/www.europesays.com\/lv\/wp-json\/wp\/v2\/types\/post"}],"author":[{"embeddable":true,"href":"https:\/\/www.europesays.com\/lv\/wp-json\/wp\/v2\/users\/2"}],"replies":[{"embeddable":true,"href":"https:\/\/www.europesays.com\/lv\/wp-json\/wp\/v2\/comments?post=105234"}],"version-history":[{"count":0,"href":"https:\/\/www.europesays.com\/lv\/wp-json\/wp\/v2\/posts\/105234\/revisions"}],"wp:featuredmedia":[{"embeddable":true,"href":"https:\/\/www.europesays.com\/lv\/wp-json\/wp\/v2\/media\/105235"}],"wp:attachment":[{"href":"https:\/\/www.europesays.com\/lv\/wp-json\/wp\/v2\/media?parent=105234"}],"wp:term":[{"taxonomy":"category","embeddable":true,"href":"https:\/\/www.europesays.com\/lv\/wp-json\/wp\/v2\/categories?post=105234"},{"taxonomy":"post_tag","embeddable":true,"href":"https:\/\/www.europesays.com\/lv\/wp-json\/wp\/v2\/tags?post=105234"}],"curies":[{"name":"wp","href":"https:\/\/api.w.org\/{rel}","templated":true}]}}