{"id":105240,"date":"2026-01-15T08:55:09","date_gmt":"2026-01-15T08:55:09","guid":{"rendered":"https:\/\/www.europesays.com\/lv\/105240\/"},"modified":"2026-01-15T08:55:09","modified_gmt":"2026-01-15T08:55:09","slug":"valsts-policijas-amatpersonas-mekle-bezvests-prombutne-esoso-2010-gada-dzimuso-irynu-itkinu","status":"publish","type":"post","link":"https:\/\/www.europesays.com\/lv\/105240\/","title":{"rendered":"Valsts policijas amatpersonas mekl\u0113 bezv\u0113sts promb\u016btn\u0113 eso\u0161o 2010. gad\u0101 dzimu\u0161o Irynu Itkinu"},"content":{"rendered":"<p>Valsts policijas Latgales re\u0123iona p\u0101rvaldes Zieme\u013clatgales iecirk\u0146a amatpersonas (Ludz\u0101) mekl\u0113 bezv\u0113sts promb\u016btn\u0113 eso\u0161o 2010. gad\u0101 dzimu\u0161o Irynu Itkinu, kura \u0161\u0101 gada 14. janv\u0101r\u012b neatgriez\u0101s no skolas uz m\u0101j\u0101m, un l\u012bdz \u0161im br\u012bdim vi\u0146as atra\u0161an\u0101s vieta nav zin\u0101ma.<\/p>\n<p data-olk-copy-source=\"MessageBody\">Paz\u012bmes: aptuveni 170 cm gara, smalkas miesas uzb\u016bves, gari rudi mati. Bija \u0123\u0113rbusies: za\u013c\u0101 virsjak\u0101, zil\u0101s d\u017einsu biks\u0113s, k\u0101j\u0101s sporta tipa apavi, galv\u0101 pel\u0113ka cepure, melna mugursoma ar uzrakstu \u201cNike\u201d.<\/p>\n<p>Valsts policija aicina apl\u016bkot jaunietes fotogr\u0101fiju un atsaukties ikvienu, kur\u0161 zina vi\u0146as iesp\u0113jamo atra\u0161an\u0101s vietu vai ar\u012b var sniegt inform\u0101ciju, kas var b\u016bt lietder\u012bga mekl\u0113\u0161anas pas\u0101kumiem, zvanot 112, 20255528 vai rakstot uz e-pasta adresi: ziemellatgale@latgale.vp.gov.lv; arturs.frolovs@latgale.vp.gov.lv, vai ar\u012b v\u0113r\u0161oties tuv\u0101kaj\u0101 policijas iecirkn\u012b.<\/p>\n<p><img decoding=\"async\" src=\"https:\/\/www.europesays.com\/lv\/wp-content\/uploads\/2026\/01\/76JD9FK2N.JPEG\" alt=\"\"\/><\/p>\n<p>          <img decoding=\"async\" src=\"https:\/\/www.europesays.com\/lv\/wp-content\/uploads\/2026\/01\/1767645852_487_logo-lv.png\" alt=\"\"\/><\/p>\n<p>                  \u0160\u012b inform\u0101cija ir publisks pazi\u0146ojums un neatspogu\u013co LV port\u0101la viedokli. Par t\u0101s saturu atbild ies\u016bt\u012bt\u0101js. <a data-popup=\"rules\">Public\u0113\u0161anas noteikumi<\/a><\/p>\n","protected":false},"excerpt":{"rendered":"Valsts policijas Latgales re\u0123iona p\u0101rvaldes Zieme\u013clatgales iecirk\u0146a amatpersonas (Ludz\u0101) mekl\u0113 bezv\u0113sts promb\u016btn\u0113 eso\u0161o 2010. gad\u0101 dzimu\u0161o Irynu Itkinu,&hellip;\n","protected":false},"author":2,"featured_media":95583,"comment_status":"","ping_status":"","sticky":false,"template":"","format":"standard","meta":{"footnotes":""},"categories":[5],"tags":[23,28,29,32,33,22,30,31,35,39,38,36,37,34,40,20,26,27,24,25,21],"class_list":{"0":"post-105240","1":"post","2":"type-post","3":"status-publish","4":"format-standard","5":"has-post-thumbnail","7":"category-aktualitates","8":"tag-aktualitates","9":"tag-breaking-news","10":"tag-breakingnews","11":"tag-featured-news","12":"tag-featurednews","13":"tag-headlines","14":"tag-latest-news","15":"tag-latestnews","16":"tag-latvia","17":"tag-latvian","18":"tag-latviesu","19":"tag-latviesu-valoda","20":"tag-latviesuvaloda","21":"tag-latvija","22":"tag-lv","23":"tag-news","24":"tag-popularakas-zinas","25":"tag-popularakaszinas","26":"tag-top-stories","27":"tag-topstories","28":"tag-zinas"},"share_on_mastodon":{"url":"https:\/\/pubeurope.com\/@lv\/115898281136787908","error":""},"_links":{"self":[{"href":"https:\/\/www.europesays.com\/lv\/wp-json\/wp\/v2\/posts\/105240","targetHints":{"allow":["GET"]}}],"collection":[{"href":"https:\/\/www.europesays.com\/lv\/wp-json\/wp\/v2\/posts"}],"about":[{"href":"https:\/\/www.europesays.com\/lv\/wp-json\/wp\/v2\/types\/post"}],"author":[{"embeddable":true,"href":"https:\/\/www.europesays.com\/lv\/wp-json\/wp\/v2\/users\/2"}],"replies":[{"embeddable":true,"href":"https:\/\/www.europesays.com\/lv\/wp-json\/wp\/v2\/comments?post=105240"}],"version-history":[{"count":0,"href":"https:\/\/www.europesays.com\/lv\/wp-json\/wp\/v2\/posts\/105240\/revisions"}],"wp:featuredmedia":[{"embeddable":true,"href":"https:\/\/www.europesays.com\/lv\/wp-json\/wp\/v2\/media\/95583"}],"wp:attachment":[{"href":"https:\/\/www.europesays.com\/lv\/wp-json\/wp\/v2\/media?parent=105240"}],"wp:term":[{"taxonomy":"category","embeddable":true,"href":"https:\/\/www.europesays.com\/lv\/wp-json\/wp\/v2\/categories?post=105240"},{"taxonomy":"post_tag","embeddable":true,"href":"https:\/\/www.europesays.com\/lv\/wp-json\/wp\/v2\/tags?post=105240"}],"curies":[{"name":"wp","href":"https:\/\/api.w.org\/{rel}","templated":true}]}}