{"id":105249,"date":"2026-01-15T09:01:06","date_gmt":"2026-01-15T09:01:06","guid":{"rendered":"https:\/\/www.europesays.com\/lv\/105249\/"},"modified":"2026-01-15T09:01:06","modified_gmt":"2026-01-15T09:01:06","slug":"saeima-pirmaja-lasijuma-atbalsta-zemessardzes-atbalstitaja-statusa-ieviesanu","status":"publish","type":"post","link":"https:\/\/www.europesays.com\/lv\/105249\/","title":{"rendered":"Saeima pirmaj\u0101 las\u012bjum\u0101 atbalsta Zemessardzes atbalst\u012bt\u0101ja statusa ievie\u0161anu"},"content":{"rendered":"<p>Saeima ceturtdien, 15. janv\u0101r\u012b, pirmaj\u0101 las\u012bjum\u0101 atbalst\u012bja groz\u012bjumus Latvijas Republikas Zemessardzes likum\u0101, kuru m\u0113r\u0137is ir papla\u0161in\u0101t sabiedr\u012bbas iesp\u0113jas iesaist\u012bties valsts aizsardz\u012bb\u0101. Likumprojekts paredz ieviest jaunu \u2013 Zemessardzes atbalst\u012bt\u0101ja \u2013 statusu, k\u0101 ar\u012b pilnveidot vair\u0101kus ar Zemessardzes darb\u012bbu saist\u012btus regul\u0113jumus.<\/p>\n<p>Pl\u0101not\u0101s izmai\u0146as paredz papla\u0161in\u0101t Zemessardzes person\u0101lsast\u0101vu, preciz\u0113t uz\u0146em\u0161anas un dienesta k\u0101rt\u012bbu, k\u0101 ar\u012b uzlabot soci\u0101l\u0101s garantijas. Jaunais Zemessardzes atbalst\u012bt\u0101ja statuss iecer\u0113ts k\u0101 iesp\u0113ja iesaist\u012bties Latvijas pilso\u0146iem no 18 gadu vecuma, kuri vesel\u012bbas, vecuma vai citu iemeslu d\u0113\u013c nevar pild\u012bt milit\u0101ro dienestu, bet v\u0113las sniegt atbalstu Zemessardzei ar sav\u0101m zin\u0101\u0161an\u0101m, pieredzi un prasm\u0113m.<\/p>\n<p>\u201cValsts aizsardz\u012bba ir visas sabiedr\u012bbas kop\u012bga atbild\u012bba. Ar Zemessardzes atbalst\u012bt\u0101ja statusa ievie\u0161anu m\u0113s rad\u0101m iesp\u0113ju iesaist\u012bties ar\u012b tiem cilv\u0113kiem, kuri nevar dien\u0113t form\u0101li, bet ir gatavi sniegt noz\u012bm\u012bgu ieguld\u012bjumu ar sav\u0101m prasm\u0113m un zin\u0101\u0161an\u0101m. Tas stiprin\u0101s Zemessardzes kapacit\u0101ti un veicin\u0101s pla\u0161\u0101ku sabiedr\u012bbas l\u012bdzdal\u012bbu valsts dro\u0161\u012bbas nodro\u0161in\u0101\u0161an\u0101,\u201d uzsver aizsardz\u012bbas ministrs Andris Spr\u016bds.<\/p>\n<p>Iepriek\u0161 groz\u012bjumus konceptu\u0101li atbalst\u012bja ar\u012b Saeimas Aizsardz\u012bbas, iek\u0161lietu un korupcijas nov\u0113r\u0161anas komisija, nor\u0101dot, ka tie v\u0113rsti uz Zemessardzes kapacit\u0101tes stiprin\u0101\u0161anu, person\u0101la atlases kvalit\u0101tes uzlabo\u0161anu un dienesta ilgtsp\u0113jas nodro\u0161in\u0101\u0161anu.<\/p>\n<p>Lai groz\u012bjumi st\u0101tos sp\u0113k\u0101, likumprojektam v\u0113l j\u0101sa\u0146em Saeimas atbalsts n\u0101kamajos las\u012bjumos.<\/p>\n<p>          <img decoding=\"async\" src=\"https:\/\/www.europesays.com\/lv\/wp-content\/uploads\/2026\/01\/1768467666_223_logo-lv.png\" alt=\"\"\/><\/p>\n<p>                  \u0160\u012b inform\u0101cija ir publisks pazi\u0146ojums un neatspogu\u013co LV port\u0101la viedokli. Par t\u0101s saturu atbild ies\u016bt\u012bt\u0101js. <a data-popup=\"rules\">Public\u0113\u0161anas noteikumi<\/a><\/p>\n","protected":false},"excerpt":{"rendered":"Saeima ceturtdien, 15. janv\u0101r\u012b, pirmaj\u0101 las\u012bjum\u0101 atbalst\u012bja groz\u012bjumus Latvijas Republikas Zemessardzes likum\u0101, kuru m\u0113r\u0137is ir papla\u0161in\u0101t sabiedr\u012bbas iesp\u0113jas&hellip;\n","protected":false},"author":2,"featured_media":105250,"comment_status":"","ping_status":"","sticky":false,"template":"","format":"standard","meta":{"footnotes":""},"categories":[5],"tags":[23,28,29,32,33,22,30,31,35,39,38,36,37,34,40,20,26,27,24,25,21],"class_list":{"0":"post-105249","1":"post","2":"type-post","3":"status-publish","4":"format-standard","5":"has-post-thumbnail","7":"category-aktualitates","8":"tag-aktualitates","9":"tag-breaking-news","10":"tag-breakingnews","11":"tag-featured-news","12":"tag-featurednews","13":"tag-headlines","14":"tag-latest-news","15":"tag-latestnews","16":"tag-latvia","17":"tag-latvian","18":"tag-latviesu","19":"tag-latviesu-valoda","20":"tag-latviesuvaloda","21":"tag-latvija","22":"tag-lv","23":"tag-news","24":"tag-popularakas-zinas","25":"tag-popularakaszinas","26":"tag-top-stories","27":"tag-topstories","28":"tag-zinas"},"share_on_mastodon":{"url":"https:\/\/pubeurope.com\/@lv\/115898304710491423","error":""},"_links":{"self":[{"href":"https:\/\/www.europesays.com\/lv\/wp-json\/wp\/v2\/posts\/105249","targetHints":{"allow":["GET"]}}],"collection":[{"href":"https:\/\/www.europesays.com\/lv\/wp-json\/wp\/v2\/posts"}],"about":[{"href":"https:\/\/www.europesays.com\/lv\/wp-json\/wp\/v2\/types\/post"}],"author":[{"embeddable":true,"href":"https:\/\/www.europesays.com\/lv\/wp-json\/wp\/v2\/users\/2"}],"replies":[{"embeddable":true,"href":"https:\/\/www.europesays.com\/lv\/wp-json\/wp\/v2\/comments?post=105249"}],"version-history":[{"count":0,"href":"https:\/\/www.europesays.com\/lv\/wp-json\/wp\/v2\/posts\/105249\/revisions"}],"wp:featuredmedia":[{"embeddable":true,"href":"https:\/\/www.europesays.com\/lv\/wp-json\/wp\/v2\/media\/105250"}],"wp:attachment":[{"href":"https:\/\/www.europesays.com\/lv\/wp-json\/wp\/v2\/media?parent=105249"}],"wp:term":[{"taxonomy":"category","embeddable":true,"href":"https:\/\/www.europesays.com\/lv\/wp-json\/wp\/v2\/categories?post=105249"},{"taxonomy":"post_tag","embeddable":true,"href":"https:\/\/www.europesays.com\/lv\/wp-json\/wp\/v2\/tags?post=105249"}],"curies":[{"name":"wp","href":"https:\/\/api.w.org\/{rel}","templated":true}]}}