{"id":105253,"date":"2026-01-15T09:03:16","date_gmt":"2026-01-15T09:03:16","guid":{"rendered":"https:\/\/www.europesays.com\/lv\/105253\/"},"modified":"2026-01-15T09:03:16","modified_gmt":"2026-01-15T09:03:16","slug":"kleita-ka-nevienai-anastasijas-samoilovas-vakarterpa-ipasais-stasts-santa","status":"publish","type":"post","link":"https:\/\/www.europesays.com\/lv\/105253\/","title":{"rendered":"Kleita k\u0101 nevienai! Anastasijas Samoilovas vakart\u0113rpa \u012bpa\u0161ais st\u0101sts \u2014 Santa"},"content":{"rendered":"<p>Pag\u0101ju\u0161\u0101 gada novembr\u012b T\u012bna un Anastasija p\u0101rrakst\u012bja Latvijas sporta v\u0113sturi \u2013 m\u016bsu meitenes paveica to, kas nav bijis pa sp\u0113kam nevienam pa\u0161m\u0101ju pludmales volejbolistam, proti, vi\u0146as ieguva zelta godalgu pasaules \u010dempion\u0101t\u0101 \u0161aj\u0101 sporta veid\u0101, tas norisin\u0101j\u0101s Austr\u0101lij\u0101. Tagad \u0161is notikums atz\u012bm\u0113ts ar\u012b presti\u017eaj\u0101 balvu pasnieg\u0161an\u0101 R\u012bg\u0101.<\/p>\n<p>Ceremonij\u0101 abas sportistes ierad\u0101s, skaisti saposu\u0161\u0101s. Anastasija par savu t\u0113rpu bija s\u0101kusi dom\u0101t jau krietni laikus, dr\u012bz p\u0113c v\u0113sturisk\u0101s uzvaras. P\u0113c pasaules \u010dempion\u0101ta Samoilova neatgriez\u0101s Latvij\u0101, bet gan dev\u0101s ilg\u0101k\u0101 ce\u013cojum\u0101, ar\u012b uz Taizemi. Tie\u0161i tur vi\u0146a atradusi kleitu, ko uzvilkusi, sa\u0146emot balvu.<\/p>\n<p>        <a href=\"https:\/\/www.europesays.com\/lv\/wp-content\/uploads\/2026\/01\/47c8ae5e8377.jpg\"><img decoding=\"async\" alt=\"\" class=\"no-convert\" src=\"https:\/\/www.europesays.com\/lv\/wp-content\/uploads\/2026\/01\/47c8ae5e8377.jpg\"\/><\/a><\/p>\n<p> Foto: Picture Agency<\/p>\n<p>\u00a0<\/p>\n<p>\u00abTaizemie\u0161u \u0161uv\u0113jai par\u0101d\u012bju fotogr\u0101fiju no Instagram, k\u0101du kleitu es v\u0113los. Negrib\u0113j\u0101s melnu kr\u0101su, jo t\u0101 man \u0161\u0137iet garlaic\u012bga. Roz\u0101 ar\u012b ne, jo uzskatu, ka tik svin\u012bg\u0101 vakar\u0101 j\u0101izskat\u0101s klasiski elegantai. Izl\u0113mu, ka vispiem\u0113rot\u0101k\u0101 b\u016btu tum\u0161i sarkan\u0101, kas l\u012bdzin\u0101s Latvijas karoga kr\u0101sai. Kleita bija gatava \u010detru dienu laik\u0101,\u00bb atkl\u0101j Anastasija.<\/p>\n<p>    <img decoding=\"async\" class=\"no-convert\" alt=\"\" data-init=\"lazy-image\" src=\"https:\/\/www.europesays.com\/lv\/wp-content\/uploads\/2026\/01\/1768467796_9_0ed8717525f4.jpg\"\/><a target=\"_self\" href=\"https:\/\/www.santa.lv\/raksts\/personibas\/foto-tik-krasni-ka-nekad-latvijas-labakie-sportisti-sanem-_tris-zvaigznu-balvas_-80062\/\" aria-label=\"FOTO: Tik kr\u0101\u0161\u0146i k\u0101 nekad! Latvijas lab\u0101kie sportisti sa\u0146em &lt;em&gt;Tr\u012bs zvaig\u017e\u0146u balvas&lt;\/em&gt;\" rel=\"nofollow noopener\"><\/p>\n<p>Marta Kalni\u0146a<\/p>\n<p>\u00a0<\/p>\n<p>Savuk\u0101rt T\u012bna Laura Graudi\u0146a balvu vakar\u0101 mirdz\u0113ja elegant\u0101 meln\u0101 kleit\u0101 ar atkailin\u0101tu plecu da\u013cu. T\u012bna ir va\u013csird\u012bga un nesl\u0113pj, ka savu kleitu nav ne speci\u0101li \u0161\u016bdin\u0101jusi, ne pirkusi, bet gan iz\u012br\u0113jusi uz vienu vakaru \u012bpa\u0161i balvu ceremonijai. T\u0101 vi\u0146a darot vienm\u0113r. Bet sv\u0113tku grimu Graudi\u0146ai sar\u016bp\u0113ju\u0161i kosm\u0113tikas z\u012bmola Oriflame speci\u0101listi.<\/p>\n<p>Vair\u0101k lasi \u017eurn\u0101l\u0101 Priv\u0101t\u0101 Dz\u012bve!\u00a0<\/p>\n<p>&#13;<\/p>\n<ul>&#13;<\/p>\n<li>\u00abNesp\u0113j\u0101m pal\u012bdz\u0113t&#8230;\u00bb Ikstenas m\u0101sa par Noras m\u016b\u017ea izska\u0146u<\/li>\n<p>&#13;<\/p>\n<li>Artu Skuju un T\u0101li Eipuru atlai\u017e no darba TV<\/li>\n<p>&#13;<\/p>\n<li>10 amizanti fakti, ko daudzi nezina par Maestro Paulu<\/li>\n<p>&#13;<\/p>\n<li>Juris \u017dagars par p\u0101rmai\u0146\u0101m Dailes \u0161tat\u0101<\/li>\n<p>&#13;<\/p>\n<li>U\u013cjanas Semjonovas dz\u012bv\u012bba izdzisa tr\u012bs dien\u0101s<\/li>\n<p>&#13;<\/p>\n<li>Aija Andrejeva atkl\u0101j, ko uzd\u0101vin\u0101jusi sev 40. jubilej\u0101<\/li>\n<p>&#13;<\/p>\n<li>\u0112rk\u0161\u0137u \u0161ova zvaigzne Ksenija J\u0113kabpil\u012b nones ce\u013caz\u012bmes<\/li>\n<p>&#13;<\/p>\n<li>K\u0101 p\u0113c dz\u012bvesbiedres n\u0101ves dz\u012bvo J\u0101nis Jenzis<\/li>\n<p>&#13;\n<\/ul>\n<p>\t&#13;<br \/>\n\t&#13;<br \/>\n\t\t\t\t<img decoding=\"async\" class=\"no-convert\" data-init=\"lazy-image\" src=\"https:\/\/www.europesays.com\/lv\/wp-content\/uploads\/2026\/01\/1768467796_806_17682117336964c5158f37a.jpg\" alt=\"Priv\u0101t\u0101 Dzive nr02\/2026\" style=\"margin-top: 15px;\"\/>&#13;<br \/>\n\t\t\t&#13;<br \/>\n&#13;\n<\/p>\n<p>\u00a0<\/p>\n","protected":false},"excerpt":{"rendered":"Pag\u0101ju\u0161\u0101 gada novembr\u012b T\u012bna un Anastasija p\u0101rrakst\u012bja Latvijas sporta v\u0113sturi \u2013 m\u016bsu meitenes paveica to, kas nav bijis&hellip;\n","protected":false},"author":2,"featured_media":105254,"comment_status":"","ping_status":"","sticky":false,"template":"","format":"standard","meta":{"footnotes":""},"categories":[17],"tags":[35,39,38,36,37,34,40,67],"class_list":{"0":"post-105253","1":"post","2":"type-post","3":"status-publish","4":"format-standard","5":"has-post-thumbnail","7":"category-sports","8":"tag-latvia","9":"tag-latvian","10":"tag-latviesu","11":"tag-latviesu-valoda","12":"tag-latviesuvaloda","13":"tag-latvija","14":"tag-lv","15":"tag-sports"},"share_on_mastodon":{"url":"https:\/\/pubeurope.com\/@lv\/115898312485237579","error":""},"_links":{"self":[{"href":"https:\/\/www.europesays.com\/lv\/wp-json\/wp\/v2\/posts\/105253","targetHints":{"allow":["GET"]}}],"collection":[{"href":"https:\/\/www.europesays.com\/lv\/wp-json\/wp\/v2\/posts"}],"about":[{"href":"https:\/\/www.europesays.com\/lv\/wp-json\/wp\/v2\/types\/post"}],"author":[{"embeddable":true,"href":"https:\/\/www.europesays.com\/lv\/wp-json\/wp\/v2\/users\/2"}],"replies":[{"embeddable":true,"href":"https:\/\/www.europesays.com\/lv\/wp-json\/wp\/v2\/comments?post=105253"}],"version-history":[{"count":0,"href":"https:\/\/www.europesays.com\/lv\/wp-json\/wp\/v2\/posts\/105253\/revisions"}],"wp:featuredmedia":[{"embeddable":true,"href":"https:\/\/www.europesays.com\/lv\/wp-json\/wp\/v2\/media\/105254"}],"wp:attachment":[{"href":"https:\/\/www.europesays.com\/lv\/wp-json\/wp\/v2\/media?parent=105253"}],"wp:term":[{"taxonomy":"category","embeddable":true,"href":"https:\/\/www.europesays.com\/lv\/wp-json\/wp\/v2\/categories?post=105253"},{"taxonomy":"post_tag","embeddable":true,"href":"https:\/\/www.europesays.com\/lv\/wp-json\/wp\/v2\/tags?post=105253"}],"curies":[{"name":"wp","href":"https:\/\/api.w.org\/{rel}","templated":true}]}}