{"id":105255,"date":"2026-01-15T09:06:07","date_gmt":"2026-01-15T09:06:07","guid":{"rendered":"https:\/\/www.europesays.com\/lv\/105255\/"},"modified":"2026-01-15T09:06:07","modified_gmt":"2026-01-15T09:06:07","slug":"cudars-diskusiju-par-energoresursu-razosanas-ierobezojumiem-bauskas-un-preilu-novada-var-turpinat-satversmes-tiesa","status":"publish","type":"post","link":"https:\/\/www.europesays.com\/lv\/105255\/","title":{"rendered":"\u010cudars: Diskusiju par energoresursu ra\u017eo\u0161anas ierobe\u017eojumiem Bauskas un Prei\u013cu novad\u0101 var turpin\u0101t Satversmes ties\u0101"},"content":{"rendered":"<p>        <img fetchpriority=\"high\" decoding=\"async\" width=\"1024\" height=\"587\" src=\"https:\/\/www.europesays.com\/lv\/wp-content\/uploads\/2026\/01\/Cudars_istais-1024x587.jpeg\" alt=\"\" class=\"wp-image-1089652\"  \/>Raimonds \u010cudars (Jaun\u0101 vienot\u012bba). Publicit\u0101tes foto no VARAM.<\/p>\n<p>Diskusiju par atjaunojamo energoresursu ra\u017eo\u0161anas ierobe\u017eojumiem Bauskas un Prei\u013cu novada teritori\u0101lajos pl\u0101nojumos ir iesp\u0113jams turpin\u0101t Satversmes ties\u0101 (ST), intervij\u0101 TV3 raid\u012bjumam \u201c900 sekundes\u201d sac\u012bja vied\u0101s administr\u0101cijas un re\u0123ion\u0101l\u0101s att\u012bst\u012bbas ministrs Raimonds \u010cudars (JV).<\/p>\n<p>Vi\u0146\u0161 nor\u0101d\u012bja, ka konstitucion\u0101l\u0101s tiesas process b\u016btu j\u0101inici\u0113 k\u0101dai no min\u0113taj\u0101m pa\u0161vald\u012bb\u0101m, ja vietvaras to v\u0113l\u0113sies.<\/p>\n<p>Vaic\u0101ts, vai ir pareizi, ka domstarp\u012bbas par v\u0113ja parku un saules parku b\u016bvniec\u012bbu t\u0101d\u0113j\u0101di tiek risin\u0101tas starp valsti un pa\u0161vald\u012bb\u0101m, nevis starp energoresursu ra\u017eot\u0146u att\u012bst\u012bt\u0101jiem un iedz\u012bvot\u0101jiem, \u010cudars atbild\u0113ja, ka kopum\u0101 \u0161eit ir runa par ekonomiskaj\u0101m un iedz\u012bvot\u0101ju interes\u0113m, kuru sabalans\u0113\u0161anai eksist\u0113 ietekmes uz vidi nov\u0113rt\u0113\u0161anas process. Ietekmes uz vidi nov\u0113rt\u0113\u0161an\u0101 tiek \u0146emti v\u0113r\u0101 objekt\u012bvi un p\u0101rbaud\u0101mi dati, un t\u0101 izstr\u0101dei ir vair\u0101kas stadijas, kur\u0101s notiek ar\u012b ieceru sabiedrisk\u0101 apsprie\u0161ana, skaidroja politi\u0137is.<\/p>\n<p>Jaut\u0101ts, vai iedz\u012bvot\u0101ju iebildumi nav pietiekami b\u016btisks pamatojums, lai, atsaucoties uz tiem, pa\u0161vald\u012bba sav\u0101 teritori\u0101laj\u0101 pl\u0101nojum\u0101 var\u0113tu ierobe\u017eot saules parku vai v\u0113ja parku b\u016bvniec\u012bbu, ministrs atbild\u0113ja, ka tas ir viens no v\u0113r\u0101 \u0146emamajiem aspektiem, bet eksist\u0113 ar\u012b citi aspekti, kas j\u0101\u0146em v\u0113r\u0101. \u201c\u0160eit mums ir proced\u016bra, k\u0101d\u0101 veid\u0101 m\u0113s varam noskaidrot gal\u012bgo viedokli vai zin\u0101mu judikat\u016bru \u0161aj\u0101 jaut\u0101jum\u0101, un tas ir ST process, kas ir iesp\u0113jams,\u201d nor\u0101d\u012bja \u010cudars.<\/p>\n<p>Vienlaikus vi\u0146\u0161 atz\u012bm\u0113ja, ka Bauskas un Prei\u013cu novadu teritorijas pl\u0101nojumu gad\u012bjum\u0101 nav runas par sabalans\u0113tu vai nesabalans\u0113tu pieeju, bet par gandr\u012bz piln\u012bgiem aizliegumiem, kas neatbilst ne valsts ener\u0123\u0113tikas strat\u0113\u0123ijai, ne tiesiski pamatot\u0101m un faktos balst\u012bt\u0101m interes\u0113m, kuras ir j\u0101sp\u0113j izskaidrot un pier\u0101d\u012bt.<\/p>\n<p>K\u0101 zi\u0146ots, \u010cudars ir da\u013c\u0113ji aptur\u0113jis Bauskas un Prei\u013cu novada teritoriju pl\u0101nojumus, vi\u0146apr\u0101t, prettiesisku atjaunojamo energoresursu ra\u017eo\u0161anas ierobe\u017eojumu d\u0113\u013c, a\u0123ent\u016bru LETA inform\u0113ja Vied\u0101s administr\u0101cijas un re\u0123ion\u0101l\u0101s att\u012bst\u012bbas ministrijas (VARAM) Sabiedrisko attiec\u012bbu noda\u013c\u0101.<\/p>\n<p>Ministrs konstat\u0113jis b\u016btiskas juridiskas un saturiskas nepiln\u012bbas, t\u0101d\u0113\u013c izdevis r\u012bkojumus par Bauskas novada teritorijas pl\u0101nojuma un Prei\u013cu novada teritorijas pl\u0101nojuma saisto\u0161o noteikumu darb\u012bbas aptur\u0113\u0161anu da\u013c\u0101s, kas bez pietiekama datu, izp\u0113tes un tiesiska pamatojuma nosaka nesam\u0113r\u012bgus ierobe\u017eojumus atjaun\u012bgo energoresursu (AER) att\u012bst\u012bbai, komercdarb\u012bbai un priv\u0101tpersonu ties\u012bbu \u012bsteno\u0161anai.<\/p>\n<p>\u201cTeritorijas pl\u0101nojumiem j\u0101balst\u0101s datos, un to risin\u0101jumiem j\u0101b\u016bt sam\u0113r\u012bgiem un tiesiski pamatotiem. Pa\u0161vald\u012bb\u0101m ir liela r\u012bc\u012bbas br\u012bv\u012bba teritorijas pl\u0101no\u0161anas jom\u0101, tom\u0113r nedr\u012bkst noteikt neskaidrus, nepamatotus vai p\u0101rm\u0113r\u012bgus liegumus, kas b\u016btiski ierobe\u017eo personu ties\u012bbas uz \u012bpa\u0161umu un kav\u0113 kop\u0113jo valsts m\u0113r\u0137u sasnieg\u0161anu,\u201d nor\u0101da \u010cudars.<\/p>\n<p>VARAM, v\u0113rt\u0113jot abu pa\u0161vald\u012bbu pl\u0101nojumus, secin\u0101ja, ka tajos noteiktie ierobe\u017eojumi nav savietojami ar novadu ilgtsp\u0113j\u012bgas att\u012bst\u012bbas strat\u0113\u0123ij\u0101s noteikto ekonomikas specializ\u0101ciju, kas v\u0113rsta uz AER ra\u017eo\u0161anu.<\/p>\n<p>\u0145emot v\u0113r\u0101 valsts politiku, kas v\u0113rsta uz AER ra\u017eo\u0161anas att\u012bst\u012bbas veicin\u0101\u0161anu, pl\u0101nojumi satur risin\u0101jumus, kas kopum\u0101 b\u016btiski ierobe\u017eo AER att\u012bst\u012bbu, non\u0101kot pretrun\u0101 ar valsts m\u0113r\u0137iem ener\u0123\u0113tisk\u0101s neatkar\u012bbas stiprin\u0101\u0161an\u0101 un p\u0101rej\u0101 uz atjaunojamiem resursiem.<\/p>\n<p>Teritoriju pl\u0101nojumos konstat\u0113tas b\u016btiskas saturiskas neatbilst\u012bbas apb\u016bves noteikumos un pl\u0101nojuma grafiskaj\u0101 da\u013c\u0101, tostarp noteikti pla\u0161i aizliegumi un ierobe\u017eojumi v\u0113ja elektrostaciju un saules pane\u013cu parku izvieto\u0161anai ar\u012b teritorij\u0101s, kur valsts regul\u0113jums \u0161\u0101du att\u012bst\u012bbu pie\u013cauj.<\/p>\n<p>T\u0101pat noteiktas teritorijas ar \u012bpa\u0161iem noteikumiem, kur\u0101s aizliegta AER ra\u017eo\u0161ana, tai skait\u0101 pa\u0161pat\u0113ri\u0146am, aptverot b\u016btisku da\u013cu pa\u0161vald\u012bbas teritorijas, vienlaikus tas nav pamatots ar datos balst\u012btu izv\u0113rt\u0113jumu un nav sam\u0113r\u012bgs.<\/p>\n<p>Vair\u0101kos gad\u012bjumos noteikumi formul\u0113ti tiesiski nenoteikti, ar subjekt\u012bvi interpret\u0113jamiem krit\u0113rijiem, kas apgr\u016btina person\u0101m iesp\u0113ju prognoz\u0113t tiesisk\u0101s sekas un kav\u0113 att\u012bst\u012bbas ieceru \u012bsteno\u0161anu.<\/p>\n<p>Bauskas novada domes priek\u0161s\u0113d\u0113t\u0101js Aivars Ma\u010deks (NA), koment\u0113jot ministra l\u0113mumu, sac\u012bja, ka jaut\u0101jums par v\u0113ja parkiem novad\u0101 jau ilgsto\u0161i raisa sabiedr\u012bbas interesi un diskusijas. Vi\u0146\u0161 inform\u0113ja, ka vair\u0101k nek\u0101 desmit att\u012bst\u012bt\u0101ji v\u0113las b\u016bv\u0113t v\u0113ja parkus novad\u0101.<\/p>\n<p>P\u0113c vi\u0146a paust\u0101, valst\u012b nav noteikts v\u0113ja elektrostaciju (VES) regul\u0113jums, t\u0101p\u0113c pa\u0161vald\u012bbas katra \u201cc\u012bn\u0101s k\u0101 m\u0101k\u201d. Vietvara, tostarp deput\u0101ti un pa\u0161vald\u012bbas speci\u0101listi, pl\u0101no s\u012bk\u0101k iepaz\u012bties ar VARAM atzinumu par pl\u0101nojumu, sniedzot pla\u0161\u0101ku koment\u0101ru.<\/p>\n<p>\u201cVajadz\u0113tu izdot vienotu skat\u012bjumu uz visu valsti, lai m\u0113s, pa\u0161vald\u012bbas, nemoc\u012btos lieki un net\u0113r\u0113tu finan\u0161u resursu, lai pier\u0101d\u012btu, vajag vai nevajag \u0161os v\u0113ja parkus,\u201d v\u0113rt\u0113ja Ma\u010deks.<\/p>\n<p>LETA jau zi\u0146oja, ka SIA \u201cEWE Neue Energien 2\u201d Valsts vides dienestam (VVD) iesniedzis ieceri par 17 VES izb\u016bvi Bauskas un Jelgavas novadu teritorij\u0101s, un VVD ir s\u0101cis ietekmes uz vidi nov\u0113rt\u0113juma (IVN) proced\u016bru.<\/p>\n<p>Pa\u0161vald\u012bba p\u0113rn oktobr\u012b sniedza VVD ofici\u0101lu atbildi, nor\u0101dot, ka liel\u0101k\u0101 da\u013ca pl\u0101not\u0101 v\u0113ja parka teritorijas atrodas nacion\u0101l\u0101s noz\u012bmes lauksaimniec\u012bbas zem\u0113s, kur \u0161\u0101da b\u016bvniec\u012bba nav pie\u013caujama. Ar\u012b novembr\u012b sniegtaj\u0101 atzinum\u0101 pa\u0161vald\u012bba atk\u0101rtoti uzsv\u0113ra, ka iecere neatbilst sp\u0113k\u0101 eso\u0161ajam teritorijas pl\u0101nojumam un zon\u0113jums nav main\u0101ms.<\/p>\n<p>D\u0101nijas v\u0113ja ener\u0123ijas grup\u0101 \u201cEurowind Energy\u201d ietilpsto\u0161\u0101s Latvij\u0101 re\u0123istr\u0113t\u0101s meitassabiedr\u012bbas pl\u0101no b\u016bv\u0113t divus v\u0113ja parkus Dienvidkurzemes novad\u0101, k\u0101 ar\u012b Bauskas un Jelgavas novados, liecina inform\u0101cija likvid\u0113t\u0101s Ener\u0123\u0113tikas un vides a\u0123ent\u016bras m\u0101jaslap\u0101 par VVD piem\u0113roto IVN proced\u016bru.<\/p>\n<p>Savuk\u0101rt Prei\u013cu novad\u0101 AS \u201cLatvenergo\u201d pl\u0101no v\u0113ja elektrostaciju parka \u201cRiebi\u0146i\u201d b\u016bvniec\u012bbu.<\/p>\n","protected":false},"excerpt":{"rendered":"Raimonds \u010cudars (Jaun\u0101 vienot\u012bba). Publicit\u0101tes foto no VARAM. Diskusiju par atjaunojamo energoresursu ra\u017eo\u0161anas ierobe\u017eojumiem Bauskas un Prei\u013cu novada&hellip;\n","protected":false},"author":2,"featured_media":105256,"comment_status":"","ping_status":"","sticky":false,"template":"","format":"standard","meta":{"footnotes":""},"categories":[12],"tags":[23,28,29,32,33,22,30,31,35,39,38,36,37,34,40,20,26,27,24,25,21],"class_list":{"0":"post-105255","1":"post","2":"type-post","3":"status-publish","4":"format-standard","5":"has-post-thumbnail","7":"category-latvija","8":"tag-aktualitates","9":"tag-breaking-news","10":"tag-breakingnews","11":"tag-featured-news","12":"tag-featurednews","13":"tag-headlines","14":"tag-latest-news","15":"tag-latestnews","16":"tag-latvia","17":"tag-latvian","18":"tag-latviesu","19":"tag-latviesu-valoda","20":"tag-latviesuvaloda","21":"tag-latvija","22":"tag-lv","23":"tag-news","24":"tag-popularakas-zinas","25":"tag-popularakaszinas","26":"tag-top-stories","27":"tag-topstories","28":"tag-zinas"},"share_on_mastodon":{"url":"https:\/\/pubeurope.com\/@lv\/115898324382480995","error":""},"_links":{"self":[{"href":"https:\/\/www.europesays.com\/lv\/wp-json\/wp\/v2\/posts\/105255","targetHints":{"allow":["GET"]}}],"collection":[{"href":"https:\/\/www.europesays.com\/lv\/wp-json\/wp\/v2\/posts"}],"about":[{"href":"https:\/\/www.europesays.com\/lv\/wp-json\/wp\/v2\/types\/post"}],"author":[{"embeddable":true,"href":"https:\/\/www.europesays.com\/lv\/wp-json\/wp\/v2\/users\/2"}],"replies":[{"embeddable":true,"href":"https:\/\/www.europesays.com\/lv\/wp-json\/wp\/v2\/comments?post=105255"}],"version-history":[{"count":0,"href":"https:\/\/www.europesays.com\/lv\/wp-json\/wp\/v2\/posts\/105255\/revisions"}],"wp:featuredmedia":[{"embeddable":true,"href":"https:\/\/www.europesays.com\/lv\/wp-json\/wp\/v2\/media\/105256"}],"wp:attachment":[{"href":"https:\/\/www.europesays.com\/lv\/wp-json\/wp\/v2\/media?parent=105255"}],"wp:term":[{"taxonomy":"category","embeddable":true,"href":"https:\/\/www.europesays.com\/lv\/wp-json\/wp\/v2\/categories?post=105255"},{"taxonomy":"post_tag","embeddable":true,"href":"https:\/\/www.europesays.com\/lv\/wp-json\/wp\/v2\/tags?post=105255"}],"curies":[{"name":"wp","href":"https:\/\/api.w.org\/{rel}","templated":true}]}}