{"id":105257,"date":"2026-01-15T09:07:08","date_gmt":"2026-01-15T09:07:08","guid":{"rendered":"https:\/\/www.europesays.com\/lv\/105257\/"},"modified":"2026-01-15T09:07:08","modified_gmt":"2026-01-15T09:07:08","slug":"80-gadus-vecu-kundzi-pusnakti-ziema-atstaja-svesa-vieta-autobusu-soferu-darbu-regule-parak-stingri-noteikumi","status":"publish","type":"post","link":"https:\/\/www.europesays.com\/lv\/105257\/","title":{"rendered":"80 gadus vecu kundzi pusnakt\u012b ziem\u0101 atst\u0101ja sve\u0161\u0101 viet\u0101. Autobusu \u0161oferu darbu regul\u0113 p\u0101r\u0101k stingri noteikumi"},"content":{"rendered":"<p>    <img decoding=\"async\" src=\"https:\/\/www.europesays.com\/lv\/wp-content\/uploads\/2026\/01\/LET_17979559-1-800x526.jpg\" alt=\"&#10;\"\/><\/p>\n<p>Foto: Zane Bitere\/LETA\n<\/p>\n<p>10:04, 15. janv\u0101ris 2026<\/p>\n<p>Vai sabiedrisk\u0101 transport\u0101 noteikumi vienm\u0113r ir svar\u012bg\u0101ki par cilv\u0113ka dro\u0161\u012bbu vai vienk\u0101r\u0161i cilv\u0113c\u012bgu r\u012bc\u012bbu? Ziemas apst\u0101k\u013cos vair\u0101ki pasa\u017eieri dal\u0101s pieredz\u0113 par situ\u0101cij\u0101m, kad atteikums apst\u0101din\u0101t autobusu \u0101rpus ofici\u0101laj\u0101m pietur\u0101m rais\u012bjis ba\u017eas pasa\u017eieru vid\u016b. \u0160oreiz dal\u0101mies ar Valda un Ilzes pieredzi.<\/p>\n<p>        Las\u012bt\u0101kie<br \/>\n        <a data-imagesrc=\"{&quot;300&quot;:&quot;https:\\\/\\\/lastatic.ams3.cdn.digitaloceanspaces.com\\\/2024\\\/04\\\/LET_24762978-1-300x199.jpg&quot;,&quot;768&quot;:&quot;https:\\\/\\\/lastatic.ams3.cdn.digitaloceanspaces.com\\\/2024\\\/04\\\/LET_24762978-1-768x510.jpg&quot;,&quot;200&quot;:&quot;https:\\\/\\\/lastatic.ams3.cdn.digitaloceanspaces.com\\\/2024\\\/04\\\/LET_24762978-1-200x133.jpg&quot;,&quot;400&quot;:&quot;https:\\\/\\\/lastatic.ams3.cdn.digitaloceanspaces.com\\\/2024\\\/04\\\/LET_24762978-1-400x266.jpg&quot;,&quot;500&quot;:&quot;https:\\\/\\\/lastatic.ams3.cdn.digitaloceanspaces.com\\\/2024\\\/04\\\/LET_24762978-1-500x332.jpg&quot;,&quot;800&quot;:&quot;https:\\\/\\\/lastatic.ams3.cdn.digitaloceanspaces.com\\\/2024\\\/04\\\/LET_24762978-1-800x531.jpg&quot;,&quot;1000&quot;:&quot;https:\\\/\\\/lastatic.ams3.cdn.digitaloceanspaces.com\\\/2024\\\/04\\\/LET_24762978-1.jpg&quot;}\" data-focuspoint=\"{&quot;x&quot;:&quot;47.38156399614123&quot;,&quot;y&quot;:&quot;33.25313680149975&quot;}\" data-p=\"2494626\" href=\"https:\/\/www.la.lv\/karmiska-vilkme-uz-lindam-pilseta-baumo-ka-hosams-abu-meri-ir-ar-jau-treso-lindu\" class=\"content-item lazy-load\" wp_automatic_readability=\"26.5\" rel=\"nofollow noopener\" target=\"_blank\"><\/p>\n<p>                                <img decoding=\"async\" src=\"\" alt=\"\" style=\"object-position: 47.38156399614123% 33.25313680149975%\" data-imageid=\"\"\/><\/p>\n<p>                                Kokteilis<\/p>\n<p>\n                                                \u201cKarmiska vilkme uz Lind\u0101m\u201d \u2013 pils\u0113t\u0101 baumo, ka Hosams Abu Meri ir ar jau tre\u0161o Lindu\n                            <\/p>\n<p><\/a><a data-imagesrc=\"{&quot;300&quot;:&quot;https:\\\/\\\/lastatic.ams3.cdn.digitaloceanspaces.com\\\/2026\\\/01\\\/afp_36n63th-300x200.jpg&quot;,&quot;1024&quot;:&quot;https:\\\/\\\/lastatic.ams3.cdn.digitaloceanspaces.com\\\/2026\\\/01\\\/afp_36n63th-1024x683.jpg&quot;,&quot;1536&quot;:&quot;https:\\\/\\\/lastatic.ams3.cdn.digitaloceanspaces.com\\\/2026\\\/01\\\/afp_36n63th-1536x1024.jpg&quot;,&quot;500&quot;:&quot;https:\\\/\\\/lastatic.ams3.cdn.digitaloceanspaces.com\\\/2026\\\/01\\\/afp_36n63th-500x333.jpg&quot;,&quot;800&quot;:&quot;https:\\\/\\\/lastatic.ams3.cdn.digitaloceanspaces.com\\\/2026\\\/01\\\/afp_36n63th-800x533.jpg&quot;,&quot;2560&quot;:&quot;https:\\\/\\\/lastatic.ams3.cdn.digitaloceanspaces.com\\\/2026\\\/01\\\/afp_36n63th-scaled.jpg&quot;}\" data-focuspoint=\"&quot;&quot;\" data-p=\"2492733\" href=\"https:\/\/www.la.lv\/tas-nav-normali-bet-ta-tas-ir-slaidins-atklaj-pratam-neaptveramas-lietas-kas-notiek-ar-rietumu-sankcijam-pret-krievijas-militaro-rupniecibu\" class=\"content-item lazy-load\" wp_automatic_readability=\"27.5\" rel=\"nofollow noopener\" target=\"_blank\"><\/p>\n<p>                                <img decoding=\"async\" src=\"\" alt=\"\" style=\"\" data-imageid=\"\"\/><\/p>\n<p>                                TV24<\/p>\n<p>                                            \u201cTas nav norm\u0101li, bet t\u0101 tas ir!\u201d Slaidi\u0146\u0161 atkl\u0101j pr\u0101tam neaptveramas lietas, kas notiek ar Rietumu sankcij\u0101m pret Krievijas milit\u0101ro r\u016bpniec\u012bbu\n                            <\/p>\n<p><\/a><a data-imagesrc=\"{&quot;300&quot;:&quot;https:\\\/\\\/lastatic.ams3.cdn.digitaloceanspaces.com\\\/2026\\\/01\\\/FotoJet-5-300x200.jpg&quot;,&quot;1024&quot;:&quot;https:\\\/\\\/lastatic.ams3.cdn.digitaloceanspaces.com\\\/2026\\\/01\\\/FotoJet-5-1024x683.jpg&quot;,&quot;1536&quot;:&quot;https:\\\/\\\/lastatic.ams3.cdn.digitaloceanspaces.com\\\/2026\\\/01\\\/FotoJet-5-1536x1024.jpg&quot;,&quot;500&quot;:&quot;https:\\\/\\\/lastatic.ams3.cdn.digitaloceanspaces.com\\\/2026\\\/01\\\/FotoJet-5-500x333.jpg&quot;,&quot;800&quot;:&quot;https:\\\/\\\/lastatic.ams3.cdn.digitaloceanspaces.com\\\/2026\\\/01\\\/FotoJet-5-800x533.jpg&quot;,&quot;1800&quot;:&quot;https:\\\/\\\/lastatic.ams3.cdn.digitaloceanspaces.com\\\/2026\\\/01\\\/FotoJet-5.jpg&quot;}\" data-focuspoint=\"&quot;&quot;\" data-p=\"2491277\" href=\"https:\/\/www.la.lv\/vecums-nav-spriedums-5-pazimes-kas-liecina-ka-jus-novecojat-loti-veiksmigi\" class=\"content-item lazy-load\" wp_automatic_readability=\"27\" rel=\"nofollow noopener\" target=\"_blank\"><\/p>\n<p>                                <img decoding=\"async\" src=\"\" alt=\"\" style=\"\" data-imageid=\"\"\/><\/p>\n<p>\n                                                Vecums nav spriedums: 5 paz\u012bmes, kas liecina, ka j\u016bs novecojat \u013coti veiksm\u012bgi\n                            <\/p>\n<p><\/a><br \/>\n        <a class=\"read-more\" href=\"https:\/\/www.la.lv\/top\" rel=\"nofollow noopener\" target=\"_blank\">Las\u012bt citas zi\u0146as<\/a><\/p>\n<p>Valdis mums raksta: \u201cNed\u0113\u013cas nogal\u0113 devos ar autobusu uz m\u0101j\u0101m. Bie\u017ei ar autobusu nep\u0101rvietojos, bet reiz\u0113m san\u0101k. Dz\u012bvoju t\u0101d\u0101 viet\u0101, kur autobusi kurs\u0113 \u013coti reti, un ar\u012b pieturu nav pie katra ce\u013cgala \u2013 no man\u0101m m\u0101j\u0101m tuv\u0101k\u0101 pietura ir 2 kilometru att\u0101lum\u0101, ejot pa \u0161osejas malu. Nav probl\u0113mu, agr\u0101k esmu m\u0113rojis \u0161o mar\u0161rutu, bet, \u0146emot v\u0113r\u0101, ka ir s\u0101kusies barga ziema un pa ce\u013ca mal\u0101m sniega d\u0113\u013c nav iesp\u0113jams paiet, pal\u016bdzu \u0161oferim, lai mani izlai\u017e manas m\u0101jas ce\u013ca gal\u0101. Biju nepat\u012bkami p\u0101rsteigts, kad sa\u0146\u0113mu asu atteikumu, jo \u0161eit nav runa tikai par \u0113rt\u012bb\u0101m, bet ar\u012b par manu vesel\u012bbu un dz\u012bv\u012bbu, jo m\u0113s visi zin\u0101m, cik slid\u012bgi ziem\u0101 ir ce\u013ci.\u201d<\/p>\n<p>Valdis v\u0113l piebilst, ka dz\u012bvo viens, t\u0101p\u0113c paka\u013c vi\u0146am atbraukt neviens nevar\u0113ja.<\/p>\n<p>    CITI \u0160OBR\u012aD LASA<\/p>\n<p>P\u0113rn\u0101 gada nogal\u0113 ar\u012b k\u0101da sieviete soci\u0101laj\u0101 medij\u0101 \u201cFacebook\u201d dal\u012bjusies ar ierakstu par \u0161o t\u0113mu. Vi\u0146a gan bijusi par liecinieci v\u0113l b\u0113d\u012bg\u0101kai situ\u0101cijai.<\/p>\n<p>\u201cV\u0113los padal\u012bties par emocion\u0101li traum\u0113jo\u0161u notikumu vakardien ar p\u0113d\u0113jo Valmieras VTU autobusu (plkst. 22.50), braucot no R\u012bgas uz Valmieru. Kundze gados, k\u0101 v\u0113l\u0101k noskaidroju, 80 gadi, l\u016bdza \u0161oferi izlaist vi\u0146u Inciema pietur\u0101, nop\u0113rkot bi\u013ceti l\u012bdz Straupei, jo Inciema pietura v\u0113laj\u0101 reis\u0101 vairs nav pietura. \u0160oferis, k\u0101 pats paskaidroja, r\u012bkoj\u0101s p\u0113c noteikumiem un aizbrauca gar\u0101m Inciema pieturai.<\/p>\n<blockquote><p> Kundze nevar\u0113ja sazvan\u012bt pieder\u012bgos, raud\u0101ja, un tad pien\u0101ca Straupes pietura, kur nakt\u012b, ap plkst. 24.00, liet\u016b, snieg\u0101, v\u0113j\u0101, autobusam bija pietura, kur var\u0113ja izk\u0101pt.<\/p><\/blockquote>\n<p>K\u0101 v\u0113rt\u0113t \u0161o situ\u0101ciju, kad darba noteikumi (bez atrun\u0101m) pie\u013cauj atst\u0101t pasa\u017eieri nakt\u012b bezpal\u012bdz\u012bg\u0101 st\u0101vokl\u012b? Nav skaidrs, k\u0101p\u0113c Straupes pasa\u017eieri var v\u0113laj\u0101 nakts stund\u0101 atgriezties m\u0101j\u0101s, bet Inciemam brauc gar\u0101m.<\/p>\n<p>Probl\u0113mu risin\u0101j\u0101m t\u0101, ka kundze p\u0101rnak\u0161\u0146oja pie manis. Dzird\u0113ju st\u0101stu, ka vi\u0146a vakardien atgriezusies no Kau\u0146as, autobuss kav\u0113jies, t\u0101p\u0113c ar\u012b bija braukusi ar \u0161o autobusu. Bet jaut\u0101jums VTU paliek \u2013 kas galvenais: paragr\u0101fs, punkts, apak\u0161punkts vai darbinieka element\u0101ra cilv\u0113c\u012bba neatst\u0101t cilv\u0113ku ziem\u0101, nakts melnum\u0101 vienu?\u201d raksta Ilze.<\/p>\n<p>Ar\u012b publik\u0101cijas koment\u0101ros cilv\u0113ki dal\u0101s l\u012bdz\u012bgos st\u0101stos.<\/p>\n<p>\u0100rpus pieturvietas \u0161oferis pasa\u017eierus izlaist nedr\u012bkst<\/p>\n<p>Pasa\u017eieru izlai\u0161anu konkr\u0113t\u0101s viet\u0101s nosaka Ministru kabineta noteikumi Nr. 634. Tie paredz: \u201cMar\u0161rut\u0101 p\u0101rvad\u0101t\u0101js nodro\u0161ina pasa\u017eieru iek\u0101p\u0161anu sabiedriskaj\u0101 transportl\u012bdzekl\u012b un izk\u0101p\u0161anu no t\u0101 autoost\u0101, sabiedrisk\u0101 transportl\u012bdzek\u013ca kust\u012bbas sarakst\u0101 nor\u0101d\u012btaj\u0101 pietur\u0101 vai piepras\u012bjuma pietur\u0101, kas ir iek\u013cauta mar\u0161ruta aprakst\u0101. Valstspils\u0113tu administrat\u012bvaj\u0101s teritorij\u0101s pieturai var noteikt statusu atkar\u012bb\u0101 no t\u0101, vai pietura paredz\u0113ta pasa\u017eieru iek\u0101p\u0161anai un izk\u0101p\u0161anai vai ar\u012b tai ir noteikts ierobe\u017eots m\u0113r\u0137is \u2013 tikai pasa\u017eieru iek\u0101p\u0161anai vai tikai pasa\u017eieru izk\u0101p\u0161anai. Apdz\u012bvot\u0101 viet\u0101 pieturu \u0101rpus autoostas nosaka pas\u016bt\u012bt\u0101js p\u0113c saska\u0146o\u0161anas ar attiec\u012bgo pa\u0161vald\u012bbu.\u201d <\/p>\n<blockquote><p>Ja \u0161oferi likumu neiev\u0113o, sods ir noteikts 70 eiro apm\u0113r\u0101.<\/p><\/blockquote>\n<p>    Zi\u0146o!<\/p>\n<p>\n        Ja ar\u012b Tu v\u0113lies padal\u012bties ar savu st\u0101stu\n    <\/p>\n<p>    <a class=\"zino-calltoaction__button\" href=\"https:\/\/zino.la.lv\" rel=\"nofollow noopener\" target=\"_blank\">Zi\u0146o!<\/a><\/p>\n<p>T\u0113mas<\/p>\n<p>    SAIST\u012aTIE RAKSTI<\/p>\n","protected":false},"excerpt":{"rendered":"Foto: Zane Bitere\/LETA 10:04, 15. janv\u0101ris 2026 Vai sabiedrisk\u0101 transport\u0101 noteikumi vienm\u0113r ir svar\u012bg\u0101ki par cilv\u0113ka dro\u0161\u012bbu vai&hellip;\n","protected":false},"author":2,"featured_media":105258,"comment_status":"","ping_status":"","sticky":false,"template":"","format":"standard","meta":{"footnotes":""},"categories":[5],"tags":[23,28,29,32,33,22,30,31,35,39,38,36,37,34,40,20,26,27,24,25,21],"class_list":{"0":"post-105257","1":"post","2":"type-post","3":"status-publish","4":"format-standard","5":"has-post-thumbnail","7":"category-aktualitates","8":"tag-aktualitates","9":"tag-breaking-news","10":"tag-breakingnews","11":"tag-featured-news","12":"tag-featurednews","13":"tag-headlines","14":"tag-latest-news","15":"tag-latestnews","16":"tag-latvia","17":"tag-latvian","18":"tag-latviesu","19":"tag-latviesu-valoda","20":"tag-latviesuvaloda","21":"tag-latvija","22":"tag-lv","23":"tag-news","24":"tag-popularakas-zinas","25":"tag-popularakaszinas","26":"tag-top-stories","27":"tag-topstories","28":"tag-zinas"},"share_on_mastodon":{"url":"https:\/\/pubeurope.com\/@lv\/115898328278368107","error":""},"_links":{"self":[{"href":"https:\/\/www.europesays.com\/lv\/wp-json\/wp\/v2\/posts\/105257","targetHints":{"allow":["GET"]}}],"collection":[{"href":"https:\/\/www.europesays.com\/lv\/wp-json\/wp\/v2\/posts"}],"about":[{"href":"https:\/\/www.europesays.com\/lv\/wp-json\/wp\/v2\/types\/post"}],"author":[{"embeddable":true,"href":"https:\/\/www.europesays.com\/lv\/wp-json\/wp\/v2\/users\/2"}],"replies":[{"embeddable":true,"href":"https:\/\/www.europesays.com\/lv\/wp-json\/wp\/v2\/comments?post=105257"}],"version-history":[{"count":0,"href":"https:\/\/www.europesays.com\/lv\/wp-json\/wp\/v2\/posts\/105257\/revisions"}],"wp:featuredmedia":[{"embeddable":true,"href":"https:\/\/www.europesays.com\/lv\/wp-json\/wp\/v2\/media\/105258"}],"wp:attachment":[{"href":"https:\/\/www.europesays.com\/lv\/wp-json\/wp\/v2\/media?parent=105257"}],"wp:term":[{"taxonomy":"category","embeddable":true,"href":"https:\/\/www.europesays.com\/lv\/wp-json\/wp\/v2\/categories?post=105257"},{"taxonomy":"post_tag","embeddable":true,"href":"https:\/\/www.europesays.com\/lv\/wp-json\/wp\/v2\/tags?post=105257"}],"curies":[{"name":"wp","href":"https:\/\/api.w.org\/{rel}","templated":true}]}}